{"id":10383,"date":"2025-05-22T15:04:32","date_gmt":"2025-05-22T14:04:32","guid":{"rendered":"https:\/\/www.psc-psoe.es\/?p=10383"},"modified":"2025-05-22T15:04:32","modified_gmt":"2025-05-22T14:04:32","slug":"daniel-fernandez-santander-necesita-cambiar-tras-50-anos-de-gobierno-del-pp","status":"publish","type":"post","link":"https:\/\/www.psc-psoe.es\/index.php\/2025\/05\/22\/daniel-fernandez-santander-necesita-cambiar-tras-50-anos-de-gobierno-del-pp\/","title":{"rendered":"Daniel Fern\u00e1ndez: \u201cSantander necesita cambiar tras 50 a\u00f1os de gobierno del PP\u201d"},"content":{"rendered":"<p style=\"font-weight: 400; text-align: justify;\">El candidato a la Secretar\u00eda General del PSOE de Santander, Daniel Fern\u00e1ndez, ha presentado este jueves la nueva candidatura a la Comisi\u00f3n Ejecutiva Municipal.<\/p>\n<p style=\"font-weight: 400; text-align: justify;\">Finalizado el plazo para la presentaci\u00f3n de candidaturas, la de Fern\u00e1ndez es la \u00fanica presentada, y ser\u00e1 votada en una asamblea extraordinaria este s\u00e1bado 24 de mayo.<\/p>\n<p style=\"font-weight: 400; text-align: justify;\">Fern\u00e1ndez ha anunciado que liderar\u00e1 el partido en la ciudad \u201ccon la responsabilidad de transformar Santander tras medio siglo de gobiernos de derechas\u201d.<\/p>\n<p style=\"font-weight: 400; text-align: justify;\">Para Fern\u00e1ndez, \u201cel s\u00e1bado abrimos una nueva etapa para el socialismo santanderino, con una ejecutiva profundamente renovada, que combina la experiencia acumulada en estos a\u00f1os con la fuerza y el compromiso de personas j\u00f3venes, con formaci\u00f3n, trayectoria profesional y muchas ganas de aportar al proyecto de ciudad que necesita Santander\u201d.<\/p>\n<p style=\"font-weight: 400; text-align: justify;\">El tambi\u00e9n portavoz municipal ha subrayado la importancia del momento pol\u00edtico actual: \u201cEn 2027 se cumplir\u00e1n 50 a\u00f1os de democracia. Y en todo ese tiempo, Santander ha tenido 50 a\u00f1os de gobiernos del PP o de sus antecesores. Ya es hora de que esta ciudad tenga una alternativa progresista, moderna, abierta, que mire al futuro y no se quede anclada en el pasado\u201d.<\/p>\n<p style=\"font-weight: 400; text-align: justify;\">\n<p style=\"font-weight: 400; text-align: justify;\"><strong>Servicios p\u00fablicos colapsados y falta de proyecto<\/strong><\/p>\n<p style=\"font-weight: 400; text-align: justify;\">Fern\u00e1ndez ha se\u00f1alado que \u201cSantander necesita, como agua de mayo, salir de la decadencia en la que la ha instalado la alcaldesa Gema Igual y el PP. Hay una falta evidente de gesti\u00f3n, de personal en los servicios municipales, de limpieza en las calles y de soluciones para los problemas reales de la ciudadan\u00eda\u201d.<\/p>\n<p style=\"font-weight: 400; text-align: justify;\">Tambi\u00e9n ha denunciado \u201cla pasividad absoluta del PP ante el problema del acceso a la vivienda\u201d, recordando que \u201cpodr\u00edan declarar Santander como zona tensionada para limitar los precios de los alquileres, como permite la ley, pero han decidido no hacer nada\u201d.<\/p>\n<p style=\"font-weight: 400; text-align: justify;\">En contraposici\u00f3n, el l\u00edder socialista ha apostado por \u201cpol\u00edticas cercanas, que escuchen a los barrios, que recuperen la confianza de los j\u00f3venes, que aprovechen el talento de quienes se forman en la Universidad de Cantabria y que garanticen unos servicios p\u00fablicos dignos y eficaces, que est\u00e9n acordes a los impuestos que pagamos\u201d.<\/p>\n<p style=\"font-weight: 400; text-align: justify;\"><strong>Compromiso, trabajo y proyecto progresista para Santander<\/strong><\/p>\n<p style=\"font-weight: 400; text-align: justify;\">Fern\u00e1ndez ha reivindicado tambi\u00e9n \u201cel valor de la unidad que hemos construido en los \u00faltimos 12 a\u00f1os en el PSOE de Santander con Pedro Casares como secretario general\u201d, y ha expresado su compromiso de \u201cseguir fortaleciendo esa unidad, rejuvenecer la militancia y abrir el partido a la ciudadan\u00eda\u201d.<\/p>\n<p style=\"font-weight: 400; text-align: justify;\">Entre los principales cambios en la nueva ejecutiva ha destacado la incorporaci\u00f3n de Mar\u00eda Izquierdo como nueva secretaria de Organizaci\u00f3n; junto a Gonzalo Llamosas, en Pol\u00edtica Econ\u00f3mica; \u00d3scar Barros, en Educaci\u00f3n; Lucia Cano, en Comunicaci\u00f3n, Lucia Corredera, en Igualdad; Jaime Pr\u00eda, en Servicios Sociales y Jes\u00fas Movell\u00e1n en Memoria Democr\u00e1tica, entre otras nuevas incorporaciones que completan una lista de 31 personas que se conocer\u00e1 este s\u00e1bado.<\/p>\n<p style=\"font-weight: 400; text-align: justify;\">La asamblea tendr\u00e1 lugar a las 10:00 h en la sede socialista de Cantabria, donde se presentar\u00e1 el informe de gesti\u00f3n de la ejecutiva saliente y se proceder\u00e1 a la votaci\u00f3n desde las 11:00 hasta las 20:00, \u201ccon un horario amplio para facilitar la participaci\u00f3n de todos los militantes\u201d.<\/p>\n<p style=\"font-weight: 400; text-align: justify;\">Por \u00faltimo, Daniel Fern\u00e1ndez ha dicho que \u201cvamos a trabajar todos los d\u00edas, 24 horas si hace falta, para estar a la altura del momento que vive Santander\u201d.<\/p>\n<p style=\"font-weight: 400; text-align: justify;\">\u201cEste proyecto no es solo del PSOE: es de todos los vecinos y vecinas de Santander que quieren una ciudad mejor. Nos debemos a ellos y ellas, y a nadie m\u00e1s\u201d, ha concluido.<\/p>\n","protected":false},"excerpt":{"rendered":"<p>El candidato a la Secretar\u00eda General del PSOE de Santander, Daniel Fern\u00e1ndez, ha presentado este jueves la nueva candidatura a la Comisi\u00f3n Ejecutiva Municipal. Finalizado el plazo para la presentaci\u00f3n de candidaturas, la de Fern\u00e1ndez es la \u00fanica presentada, y ser\u00e1 votada en una asamblea extraordinaria este s\u00e1bado 24 de mayo. Fern\u00e1ndez ha anunciado que [&hellip;]<\/p>\n","protected":false},"author":12,"featured_media":10384,"comment_status":"open","ping_status":"closed","sticky":false,"template":"","format":"standard","meta":{"tdm_status":"","tdm_grid_status":"","footnotes":""},"categories":[20,16,55],"tags":[],"class_list":["post-10383","post","type-post","status-publish","format-standard","has-post-thumbnail","hentry","category-santander","category-noticias-santander","category-arco-de-la-bahia"],"_links":{"self":[{"href":"https:\/\/www.psc-psoe.es\/index.php\/wp-json\/wp\/v2\/posts\/10383","targetHints":{"allow":["GET"]}}],"collection":[{"href":"https:\/\/www.psc-psoe.es\/index.php\/wp-json\/wp\/v2\/posts"}],"about":[{"href":"https:\/\/www.psc-psoe.es\/index.php\/wp-json\/wp\/v2\/types\/post"}],"author":[{"embeddable":true,"href":"https:\/\/www.psc-psoe.es\/index.php\/wp-json\/wp\/v2\/users\/12"}],"replies":[{"embeddable":true,"href":"https:\/\/www.psc-psoe.es\/index.php\/wp-json\/wp\/v2\/comments?post=10383"}],"version-history":[{"count":1,"href":"https:\/\/www.psc-psoe.es\/index.php\/wp-json\/wp\/v2\/posts\/10383\/revisions"}],"predecessor-version":[{"id":10385,"href":"https:\/\/www.psc-psoe.es\/index.php\/wp-json\/wp\/v2\/posts\/10383\/revisions\/10385"}],"wp:featuredmedia":[{"embeddable":true,"href":"https:\/\/www.psc-psoe.es\/index.php\/wp-json\/wp\/v2\/media\/10384"}],"wp:attachment":[{"href":"https:\/\/www.psc-psoe.es\/index.php\/wp-json\/wp\/v2\/media?parent=10383"}],"wp:term":[{"taxonomy":"category","embeddable":true,"href":"https:\/\/www.psc-psoe.es\/index.php\/wp-json\/wp\/v2\/categories?post=10383"},{"taxonomy":"post_tag","embeddable":true,"href":"https:\/\/www.psc-psoe.es\/index.php\/wp-json\/wp\/v2\/tags?post=10383"}],"curies":[{"name":"wp","href":"https:\/\/api.w.org\/{rel}","templated":true}]}}