{"id":10351,"date":"2025-05-18T10:03:54","date_gmt":"2025-05-18T09:03:54","guid":{"rendered":"https:\/\/www.psc-psoe.es\/?p=10351"},"modified":"2025-05-18T10:03:54","modified_gmt":"2025-05-18T09:03:54","slug":"el-psoe-critica-la-ausencia-del-gobierno-de-cantabria-en-el-debate-y-votacion-en-el-comite-de-las-regiones-del-proximo-presupuesto-de-la-ue","status":"publish","type":"post","link":"https:\/\/www.psc-psoe.es\/index.php\/2025\/05\/18\/el-psoe-critica-la-ausencia-del-gobierno-de-cantabria-en-el-debate-y-votacion-en-el-comite-de-las-regiones-del-proximo-presupuesto-de-la-ue\/","title":{"rendered":"El PSOE critica la ausencia del gobierno de Cantabria en el debate y votaci\u00f3n en el Comit\u00e9 de las Regiones del pr\u00f3ximo presupuesto de la UE"},"content":{"rendered":"<p style=\"font-weight: 400; text-align: justify;\">El secretario de Pol\u00edtica Auton\u00f3mica y portavoz parlamentario, Mario Iglesias, ha criticado la actuaci\u00f3n \u201cirresponsable\u201d del Gobierno de Cantabria en el comit\u00e9 de las Regiones \u201cque no particip\u00f3 en el debate ni votaci\u00f3n de la resoluci\u00f3n sobre el pr\u00f3ximo presupuesto de la Uni\u00f3n Europea 2028-2034\u201d.<\/p>\n<p style=\"font-weight: 400; text-align: justify;\">\u201cEstamos hablando de la planificaci\u00f3n, dise\u00f1o y ejecuci\u00f3n de los fondos europeos que pueden beneficiar a los entes locales y regionales como Cantabria e impulsar nuestro desarrollo, y de ah\u00ed la importancia de estar presentes y defender los intereses de nuestra comunidad aut\u00f3noma, que es lo contrario a lo que ha hecho la consejera de Presidencia\u201d, ha criticado el portavoz socialista.<\/p>\n<p style=\"font-weight: 400; text-align: justify;\">Iglesias ha se\u00f1alado que \u201cla misma consejera que vuelve de Bruselas pidiendo m\u00e1s plazos y m\u00e1s fondos en materia de vivienda es la que en representaci\u00f3n de Cantabria se ausenta del debate y votaci\u00f3n del pr\u00f3ximo presupuesto\u201d.<\/p>\n<p style=\"font-weight: 400; text-align: justify;\">\u201cA pesar de que, en reiteradas ocasiones, el vicepresidente del Comit\u00e9 Europeos de las Regiones, Juan Moreno Bonilla, tuvo que solicitar votaci\u00f3n electr\u00f3nica por lo ajustado de las votaciones, la representaci\u00f3n de Cantabria no particip\u00f3 ni vot\u00f3 en ning\u00fan momento, estando ausente en todo momento\u201d, ha denunciado.<\/p>\n<p style=\"font-weight: 400; text-align: justify;\">En este sentido, Iglesias ha afirmado que \u201ces totalmente incoherente ir al Comit\u00e9 de las Regiones a pedir m\u00e1s plazos y fondos en materia de vivienda, pero ausentarse del resto de debates y votaciones que pueden tener trascendencia para Cantabria\u201d.<\/p>\n<p style=\"font-weight: 400; text-align: justify;\">\u201cLa consejera Urrutia ha ido a ver qu\u00e9 hay de su libro y sobre el resto de asuntos ha demostrado no tener ning\u00fan inter\u00e9s, aunque puedan ser buenos para Cantabria\u201d, ha expresado, a la vez que ha dicho que \u201cde nada sirven las fotograf\u00edas diciendo que Cantabria est\u00e1 en Europa si no se participa de los debates y votaciones importantes para Cantabria en Europa\u201d.<\/p>\n<p style=\"font-weight: 400; text-align: justify;\">\n<p style=\"font-weight: 400; text-align: justify;\">Para Iglesias, esto demuestra una vez m\u00e1s que \u201cel Gobierno de Buruaga no se toma enserio las instituciones y fondos comunitarios, que son tan importantes para el desarrollo de Cantabria\u201d.<\/p>\n<p style=\"font-weight: 400; text-align: justify;\">\u201cUna consejera, que sustituye a la presidenta Buruaga y representa a Cantabria en el comit\u00e9 de las Regiones no puede permanecer ausente de todos los debates que pueden tener trascendencia, impacto y fondos para Cantabria y mucho menos marcharse cuando se va a votar el presupuesto plurianual\u201d, ha enfatizado Iglesias.<\/p>\n<p style=\"font-weight: 400; text-align: justify;\">Adem\u00e1s, el portavoz parlamentario del PSOE c\u00e1ntabro ha criticado que, durante el debate y votaci\u00f3n de la Resoluci\u00f3n de las Prioridades del Comit\u00e9 Europeo de las Regiones, la consejera Isabel Urrutia vot\u00f3 en contra de las enmiendas propuestas por el PSOE para capacitar a los j\u00f3venes para el futuro del mercado laboral, reconociendo la migraci\u00f3n legal como motor fundamental del crecimiento y enriquecer las econom\u00edas locales y mejorar la competitividad regional. As\u00ed como sobre la emisi\u00f3n de m\u00e1s deuda com\u00fan para financiar proyectos de inversi\u00f3n conjuntos y los incentivos para atraer capital privado a la Uni\u00f3n Europea.<\/p>\n<p style=\"font-weight: 400; text-align: justify;\">Por \u00faltimo, Mario Iglesias ha recordado que este 15 de mayo se celebr\u00f3 uno de los debates m\u00e1s importantes del Comit\u00e9 de las Regiones, aprobando una Resoluci\u00f3n que esboza las prioridades estrat\u00e9gicas de la instituci\u00f3n para el mandato 2025-2030, abogando por una agenda ambiciosa y con visi\u00f3n de futuro en la que las regiones y ciudades sean el centro del futuro de Europa.<\/p>\n<p style=\"font-weight: 400; text-align: justify;\">\u201cVemos a un gobierno de Cantabria ausente cuando se habla de la importancia de los entes locales y regionales en la cohesi\u00f3n econ\u00f3mica, social y territorial debe seguir siendo un pilar central de la UE\u201d, ha concluido.<\/p>\n","protected":false},"excerpt":{"rendered":"<p>El secretario de Pol\u00edtica Auton\u00f3mica y portavoz parlamentario, Mario Iglesias, ha criticado la actuaci\u00f3n \u201cirresponsable\u201d del Gobierno de Cantabria en el comit\u00e9 de las Regiones \u201cque no particip\u00f3 en el debate ni votaci\u00f3n de la resoluci\u00f3n sobre el pr\u00f3ximo presupuesto de la Uni\u00f3n Europea 2028-2034\u201d. \u201cEstamos hablando de la planificaci\u00f3n, dise\u00f1o y ejecuci\u00f3n de los [&hellip;]<\/p>\n","protected":false},"author":12,"featured_media":10352,"comment_status":"open","ping_status":"closed","sticky":false,"template":"","format":"standard","meta":{"tdm_status":"","tdm_grid_status":"","footnotes":""},"categories":[14,24,25],"tags":[],"class_list":["post-10351","post","type-post","status-publish","format-standard","has-post-thumbnail","hentry","category-notas-de-prensa","category-partido","category-actualidad"],"_links":{"self":[{"href":"https:\/\/www.psc-psoe.es\/index.php\/wp-json\/wp\/v2\/posts\/10351","targetHints":{"allow":["GET"]}}],"collection":[{"href":"https:\/\/www.psc-psoe.es\/index.php\/wp-json\/wp\/v2\/posts"}],"about":[{"href":"https:\/\/www.psc-psoe.es\/index.php\/wp-json\/wp\/v2\/types\/post"}],"author":[{"embeddable":true,"href":"https:\/\/www.psc-psoe.es\/index.php\/wp-json\/wp\/v2\/users\/12"}],"replies":[{"embeddable":true,"href":"https:\/\/www.psc-psoe.es\/index.php\/wp-json\/wp\/v2\/comments?post=10351"}],"version-history":[{"count":1,"href":"https:\/\/www.psc-psoe.es\/index.php\/wp-json\/wp\/v2\/posts\/10351\/revisions"}],"predecessor-version":[{"id":10353,"href":"https:\/\/www.psc-psoe.es\/index.php\/wp-json\/wp\/v2\/posts\/10351\/revisions\/10353"}],"wp:featuredmedia":[{"embeddable":true,"href":"https:\/\/www.psc-psoe.es\/index.php\/wp-json\/wp\/v2\/media\/10352"}],"wp:attachment":[{"href":"https:\/\/www.psc-psoe.es\/index.php\/wp-json\/wp\/v2\/media?parent=10351"}],"wp:term":[{"taxonomy":"category","embeddable":true,"href":"https:\/\/www.psc-psoe.es\/index.php\/wp-json\/wp\/v2\/categories?post=10351"},{"taxonomy":"post_tag","embeddable":true,"href":"https:\/\/www.psc-psoe.es\/index.php\/wp-json\/wp\/v2\/tags?post=10351"}],"curies":[{"name":"wp","href":"https:\/\/api.w.org\/{rel}","templated":true}]}}