{"id":10337,"date":"2025-05-15T20:05:13","date_gmt":"2025-05-15T19:05:13","guid":{"rendered":"https:\/\/www.psc-psoe.es\/?p=10337"},"modified":"2025-05-15T20:05:13","modified_gmt":"2025-05-15T19:05:13","slug":"daniel-fernandez-exigira-en-el-proximo-pleno-una-marquesina-en-la-parada-del-tus-junto-al-centro-de-ampros-en-san-roman","status":"publish","type":"post","link":"https:\/\/www.psc-psoe.es\/index.php\/2025\/05\/15\/daniel-fernandez-exigira-en-el-proximo-pleno-una-marquesina-en-la-parada-del-tus-junto-al-centro-de-ampros-en-san-roman\/","title":{"rendered":"Daniel Fern\u00e1ndez exigir\u00e1 en el pr\u00f3ximo Pleno una marquesina en la parada del TUS junto al centro de AMPROS en San Rom\u00e1n"},"content":{"rendered":"<p style=\"text-align: justify;\">El portavoz municipal socialista, Daniel Fern\u00e1ndez, ha anunciado que el Grupo Socialista reclamar\u00e1 al equipo de Gobierno del PP la instalaci\u00f3n de una marquesina en la parada del autob\u00fas urbano en las inmediaciones del centro de AMPROS en San Rom\u00e1n, tras visitar las instalaciones y recoger esta demanda de usuarios, trabajadores y vecinos de la zona.<\/p>\n<p style=\"text-align: justify;\">\u201cLa falta de una marquesina provoca que las personas usuarias del centro, muchas de ellas con discapacidad, as\u00ed como vecinos y vecinas del barrio, se vean obligadas a esperar bajo la lluvia y en condiciones inc\u00f3modas, como las que hemos vivido estos \u00faltimos d\u00edas\u201d, ha explicado Fern\u00e1ndez.<\/p>\n<p style=\"text-align: justify;\">Adem\u00e1s, el portavoz socialista ha llamado la atenci\u00f3n sobre el \u201cmal estado del camino que conecta este centro con la parada\u201d, una v\u00eda que, seg\u00fan ha advertido, \u201cgenera sensaci\u00f3n de inseguridad entre los usuarios y podr\u00eda ocasionar alg\u00fan accidente si el Ayuntamiento no act\u00faa de inmediato\u201d. Por ello, ha instado al equipo de Gobierno a \u201casumir sus responsabilidades y garantizar la seguridad vial en la zona\u201d.<\/p>\n<p style=\"text-align: justify;\">Fern\u00e1ndez ha subrayado que esta petici\u00f3n es una cuesti\u00f3n de dignidad, accesibilidad y sentido com\u00fan: \u201cNo hablamos de una gran inversi\u00f3n, sino de un gesto sencillo que mejorar\u00eda mucho la calidad de vida de las personas que utilizan el transporte p\u00fablico en San Rom\u00e1n\u201d.<\/p>\n<p style=\"text-align: justify;\">El Grupo Municipal Socialista elevar\u00e1 esta solicitud al pr\u00f3ximo Pleno del Ayuntamiento de Santander \u201cpara que no caiga en saco roto y el Ayuntamiento act\u00fae cuanto antes, especialmente teniendo en cuenta el car\u00e1cter social y de servicio p\u00fablico del centro de AMPROS, que lleva a\u00f1os realizando una labor ejemplar en favor de la inclusi\u00f3n\u201d.<\/p>\n<p style=\"text-align: justify;\">\u201cLo que pedimos no cuesta mucho, pero vale mucho para quien lo necesita. Son esas peque\u00f1as decisiones que hacen m\u00e1s justa y m\u00e1s habitable una ciudad. Y para eso estamos aqu\u00ed\u201d, ha concluido Daniel Fern\u00e1ndez.<\/p>\n","protected":false},"excerpt":{"rendered":"<p>El portavoz municipal socialista, Daniel Fern\u00e1ndez, ha anunciado que el Grupo Socialista reclamar\u00e1 al equipo de Gobierno del PP la instalaci\u00f3n de una marquesina en la parada del autob\u00fas urbano en las inmediaciones del centro de AMPROS en San Rom\u00e1n, tras visitar las instalaciones y recoger esta demanda de usuarios, trabajadores y vecinos de la [&hellip;]<\/p>\n","protected":false},"author":12,"featured_media":10338,"comment_status":"open","ping_status":"closed","sticky":false,"template":"","format":"standard","meta":{"tdm_status":"","tdm_grid_status":"","footnotes":""},"categories":[20,16,55],"tags":[],"class_list":["post-10337","post","type-post","status-publish","format-standard","has-post-thumbnail","hentry","category-santander","category-noticias-santander","category-arco-de-la-bahia"],"_links":{"self":[{"href":"https:\/\/www.psc-psoe.es\/index.php\/wp-json\/wp\/v2\/posts\/10337","targetHints":{"allow":["GET"]}}],"collection":[{"href":"https:\/\/www.psc-psoe.es\/index.php\/wp-json\/wp\/v2\/posts"}],"about":[{"href":"https:\/\/www.psc-psoe.es\/index.php\/wp-json\/wp\/v2\/types\/post"}],"author":[{"embeddable":true,"href":"https:\/\/www.psc-psoe.es\/index.php\/wp-json\/wp\/v2\/users\/12"}],"replies":[{"embeddable":true,"href":"https:\/\/www.psc-psoe.es\/index.php\/wp-json\/wp\/v2\/comments?post=10337"}],"version-history":[{"count":1,"href":"https:\/\/www.psc-psoe.es\/index.php\/wp-json\/wp\/v2\/posts\/10337\/revisions"}],"predecessor-version":[{"id":10339,"href":"https:\/\/www.psc-psoe.es\/index.php\/wp-json\/wp\/v2\/posts\/10337\/revisions\/10339"}],"wp:featuredmedia":[{"embeddable":true,"href":"https:\/\/www.psc-psoe.es\/index.php\/wp-json\/wp\/v2\/media\/10338"}],"wp:attachment":[{"href":"https:\/\/www.psc-psoe.es\/index.php\/wp-json\/wp\/v2\/media?parent=10337"}],"wp:term":[{"taxonomy":"category","embeddable":true,"href":"https:\/\/www.psc-psoe.es\/index.php\/wp-json\/wp\/v2\/categories?post=10337"},{"taxonomy":"post_tag","embeddable":true,"href":"https:\/\/www.psc-psoe.es\/index.php\/wp-json\/wp\/v2\/tags?post=10337"}],"curies":[{"name":"wp","href":"https:\/\/api.w.org\/{rel}","templated":true}]}}