{"id":10330,"date":"2025-05-14T18:44:26","date_gmt":"2025-05-14T17:44:26","guid":{"rendered":"https:\/\/www.psc-psoe.es\/?p=10330"},"modified":"2025-05-14T18:44:26","modified_gmt":"2025-05-14T17:44:26","slug":"el-psoe-denuncia-el-retraso-del-gobierno-de-cantabria-en-presentar-los-datos-de-las-listas-de-espera","status":"publish","type":"post","link":"https:\/\/www.psc-psoe.es\/index.php\/2025\/05\/14\/el-psoe-denuncia-el-retraso-del-gobierno-de-cantabria-en-presentar-los-datos-de-las-listas-de-espera\/","title":{"rendered":"El PSOE denuncia el retraso del Gobierno de Cantabria en presentar los datos de las listas de espera"},"content":{"rendered":"<p style=\"text-align: justify;\">El PSOE de Cantabria ha denunciado hoy que el Gobierno de Cantabria sigue sin cumplir la ley al no presentar los datos de listas de espera en el primer trimestre del a\u00f1o.<\/p>\n<p style=\"text-align: justify;\">As\u00ed lo ha se\u00f1alado el diputado auton\u00f3mico y portavoz en materia sanitaria en el Parlamento de Cantabria, Ra\u00fal Pesquera, durante la comparecencia en comisi\u00f3n del gerente del Servicio C\u00e1ntabro de Salud, Luis Carretero.<\/p>\n<p style=\"text-align: justify;\">Pesquera ha se\u00f1alado que, tal y como establece la 7\/2006 de 15 de junio, de garant\u00edas de tiempos m\u00e1ximos de respuesta en atenci\u00f3n sanitaria especializada en el sistema sanitario p\u00fablico de Cantabria que en su art\u00edculo 14, la consejer\u00eda de Sanidad debe elaborar \u201cun informe anual de listas de espera que ser\u00e1 presentado al Parlamento de Cantabria en el primer trimestre de cada a\u00f1o natural\u201d.<\/p>\n<p style=\"text-align: justify;\">\u201cEn dicho informe debe reflejarse el dato sobre el total de pacientes en listas de espera y los tiempos medios de espera\u201d, ha dicho el portavoz socialista, que ha criticado que este a\u00f1o, dicha comparecencia para informar sobre las listas de espera se ha celebrado en mayo, \u201ccasi a finales del segundo trimestre\u201d.<\/p>\n<p style=\"text-align: justify;\">Por ello, Pesquera ha afirmado que desde el grupo parlamentario socialista se va a presentar una queja formal a la presidenta del Gobierno de Cantabria. \u201cVamos a valorar el recorrido jur\u00eddico de este tipo de actuaciones hechas con premeditaci\u00f3n para no dar cuentas al Parlamento de un problema que nos afecta a todos como son las listas de espera\u201d, ha afirmado.<\/p>\n<p style=\"text-align: justify;\">Para Pesquera, \u201cCantabria, despu\u00e9s de dos a\u00f1os de gobierno del PP est\u00e1 la tercera por la cola en las listas de espera quir\u00fargica en el pa\u00eds y sigue aumentando el n\u00famero de pacientes que esperan para una prueba diagn\u00f3stica o una consulta\u201d.<\/p>\n<p style=\"text-align: justify;\">\u201cSon abrumadoras las diferencias territoriales con el \u00e1rea de Laredo, considerados por la administraci\u00f3n sanitaria con el PP como ciudadanos de segunda\u201d, ha criticado el portavoz socialista en materia sanitaria.<\/p>\n<p style=\"text-align: justify;\">En este sentido, Pesquera ha dicho que estamos \u201cante un consejero de Salud que busca no gestionar de forma eficiente la sanidad p\u00fablica para que los pacientes decidan acudir a la privada\u201d.<\/p>\n<p style=\"text-align: justify;\">Por \u00faltimo, Ra\u00fal Pesquera ha se\u00f1alado que \u201cdeber\u00eda ser el propio consejero de Salud a petici\u00f3n propia quien presentara en el primer trimestre los datos de listas de espera porque son un asunto de m\u00e1xima relevancia para la ciudadan\u00eda de Cantabria, y no el gerente del Servicio C\u00e1ntabro de Salud con retraso que evidencia falta de transparencia y opacidad en la gesti\u00f3n de datos p\u00fablicos\u201d.<\/p>\n<p>&nbsp;<\/p>\n<p>&nbsp;<\/p>\n","protected":false},"excerpt":{"rendered":"<p>El PSOE de Cantabria ha denunciado hoy que el Gobierno de Cantabria sigue sin cumplir la ley al no presentar los datos de listas de espera en el primer trimestre del a\u00f1o. As\u00ed lo ha se\u00f1alado el diputado auton\u00f3mico y portavoz en materia sanitaria en el Parlamento de Cantabria, Ra\u00fal Pesquera, durante la comparecencia en [&hellip;]<\/p>\n","protected":false},"author":12,"featured_media":9161,"comment_status":"open","ping_status":"closed","sticky":false,"template":"","format":"standard","meta":{"tdm_status":"","tdm_grid_status":"","footnotes":""},"categories":[14,24,25],"tags":[],"class_list":["post-10330","post","type-post","status-publish","format-standard","has-post-thumbnail","hentry","category-notas-de-prensa","category-partido","category-actualidad"],"_links":{"self":[{"href":"https:\/\/www.psc-psoe.es\/index.php\/wp-json\/wp\/v2\/posts\/10330","targetHints":{"allow":["GET"]}}],"collection":[{"href":"https:\/\/www.psc-psoe.es\/index.php\/wp-json\/wp\/v2\/posts"}],"about":[{"href":"https:\/\/www.psc-psoe.es\/index.php\/wp-json\/wp\/v2\/types\/post"}],"author":[{"embeddable":true,"href":"https:\/\/www.psc-psoe.es\/index.php\/wp-json\/wp\/v2\/users\/12"}],"replies":[{"embeddable":true,"href":"https:\/\/www.psc-psoe.es\/index.php\/wp-json\/wp\/v2\/comments?post=10330"}],"version-history":[{"count":1,"href":"https:\/\/www.psc-psoe.es\/index.php\/wp-json\/wp\/v2\/posts\/10330\/revisions"}],"predecessor-version":[{"id":10331,"href":"https:\/\/www.psc-psoe.es\/index.php\/wp-json\/wp\/v2\/posts\/10330\/revisions\/10331"}],"wp:featuredmedia":[{"embeddable":true,"href":"https:\/\/www.psc-psoe.es\/index.php\/wp-json\/wp\/v2\/media\/9161"}],"wp:attachment":[{"href":"https:\/\/www.psc-psoe.es\/index.php\/wp-json\/wp\/v2\/media?parent=10330"}],"wp:term":[{"taxonomy":"category","embeddable":true,"href":"https:\/\/www.psc-psoe.es\/index.php\/wp-json\/wp\/v2\/categories?post=10330"},{"taxonomy":"post_tag","embeddable":true,"href":"https:\/\/www.psc-psoe.es\/index.php\/wp-json\/wp\/v2\/tags?post=10330"}],"curies":[{"name":"wp","href":"https:\/\/api.w.org\/{rel}","templated":true}]}}