{"id":10324,"date":"2025-05-14T11:32:30","date_gmt":"2025-05-14T10:32:30","guid":{"rendered":"https:\/\/www.psc-psoe.es\/?p=10324"},"modified":"2025-05-14T11:32:30","modified_gmt":"2025-05-14T10:32:30","slug":"el-psoe-exige-al-pp-que-cumpla-su-compromiso-para-mejorar-la-accesibilidad-de-las-personas-sordas-en-santander","status":"publish","type":"post","link":"https:\/\/www.psc-psoe.es\/index.php\/2025\/05\/14\/el-psoe-exige-al-pp-que-cumpla-su-compromiso-para-mejorar-la-accesibilidad-de-las-personas-sordas-en-santander\/","title":{"rendered":"El PSOE exige al PP que cumpla su compromiso para mejorar la accesibilidad de las personas sordas en Santander"},"content":{"rendered":"<p style=\"font-weight: 400; text-align: justify;\">El Grupo Municipal Socialista, ha registrado una bater\u00eda de preguntas al Pleno del Ayuntamiento de Santander para exigir explicaciones al equipo de Gobierno del Partido Popular sobre el estado de los compromisos adquiridos en mayo de 2024 para mejorar la accesibilidad de las personas con discapacidad auditiva en la ciudad.<\/p>\n<p style=\"font-weight: 400; text-align: justify;\">El pasado a\u00f1o, el Pleno aprob\u00f3 una moci\u00f3n del Grupo Socialista, con transaccional del PP, que inclu\u00eda medidas concretas como la promoci\u00f3n del servicio de int\u00e9rprete de signos, la adaptaci\u00f3n tecnol\u00f3gica de la carteler\u00eda, la incorporaci\u00f3n de subt\u00edtulos en actividades municipales, y la elaboraci\u00f3n de una Gu\u00eda Digital sobre accesibilidad auditiva.<\/p>\n<p style=\"font-weight: 400; text-align: justify;\">\u201cUn a\u00f1o despu\u00e9s, no solo no se han ejecutado esos compromisos, sino que ni siquiera se ha entregado el informe de evaluaci\u00f3n del III Plan Municipal de Atenci\u00f3n y Promoci\u00f3n a las Personas con Discapacidad, que lleva tres a\u00f1os caducado\u201d, ha lamentado Daniel Fern\u00e1ndez, que ha recordado que dicho documento fue solicitado reiteradamente por el Grupo Socialista, sin respuesta por parte de la concejala responsable ni de la alcaldesa Gema Igual.<\/p>\n<p style=\"font-weight: 400; text-align: justify;\">Adem\u00e1s, en el marco del Consejo de Autonom\u00eda Personal celebrado en noviembre de 2024, se inform\u00f3 de supuestas actuaciones puntuales, como la colocaci\u00f3n de bucles magn\u00e9ticos o la celebraci\u00f3n del D\u00eda de las Lenguas de Signos, \u201cpero no se ha abordado de forma integral el acceso de las personas sordas a las actividades municipales ni se ha hecho una verdadera pol\u00edtica de accesibilidad\u201d, ha denunciado el portavoz.<\/p>\n<p style=\"font-weight: 400; text-align: justify;\">Entre las preguntas planteadas, el PSOE exige saber cu\u00e1ntas personas sordas han podido participar con apoyo en actividades deportivas, culturales y de ocio municipales, si se ha informado p\u00fablicamente de este derecho, y si se han incorporado innovaciones tecnol\u00f3gicas para eliminar las barreras de comunicaci\u00f3n.<\/p>\n<p style=\"font-weight: 400; text-align: justify;\">\u201cQueremos saber tambi\u00e9n si el 4\u00ba Plan Municipal para Personas con Discapacidad \u2014que sigue sin ver la luz\u2014 incluir\u00e1 finalmente el apartado de innovaci\u00f3n tecnol\u00f3gica prometido y cu\u00e1ndo se activar\u00e1 el Programa Piloto de Informaci\u00f3n visible escrita\u201d, ha explicado Fern\u00e1ndez.<\/p>\n<p style=\"font-weight: 400; text-align: justify;\">El Grupo Municipal Socialista exige al PP que deje de invisibilizar a las personas con discapacidad auditiva y cumpla de una vez los compromisos plenarios. \u201cNo puede haber democracia plena sin accesibilidad universal\u201d, ha sentenciado el portavoz socialista.<\/p>\n","protected":false},"excerpt":{"rendered":"<p>El Grupo Municipal Socialista, ha registrado una bater\u00eda de preguntas al Pleno del Ayuntamiento de Santander para exigir explicaciones al equipo de Gobierno del Partido Popular sobre el estado de los compromisos adquiridos en mayo de 2024 para mejorar la accesibilidad de las personas con discapacidad auditiva en la ciudad. El pasado a\u00f1o, el Pleno [&hellip;]<\/p>\n","protected":false},"author":12,"featured_media":10325,"comment_status":"open","ping_status":"closed","sticky":false,"template":"","format":"standard","meta":{"tdm_status":"","tdm_grid_status":"","footnotes":""},"categories":[20,16,55],"tags":[],"class_list":["post-10324","post","type-post","status-publish","format-standard","has-post-thumbnail","hentry","category-santander","category-noticias-santander","category-arco-de-la-bahia"],"_links":{"self":[{"href":"https:\/\/www.psc-psoe.es\/index.php\/wp-json\/wp\/v2\/posts\/10324","targetHints":{"allow":["GET"]}}],"collection":[{"href":"https:\/\/www.psc-psoe.es\/index.php\/wp-json\/wp\/v2\/posts"}],"about":[{"href":"https:\/\/www.psc-psoe.es\/index.php\/wp-json\/wp\/v2\/types\/post"}],"author":[{"embeddable":true,"href":"https:\/\/www.psc-psoe.es\/index.php\/wp-json\/wp\/v2\/users\/12"}],"replies":[{"embeddable":true,"href":"https:\/\/www.psc-psoe.es\/index.php\/wp-json\/wp\/v2\/comments?post=10324"}],"version-history":[{"count":1,"href":"https:\/\/www.psc-psoe.es\/index.php\/wp-json\/wp\/v2\/posts\/10324\/revisions"}],"predecessor-version":[{"id":10326,"href":"https:\/\/www.psc-psoe.es\/index.php\/wp-json\/wp\/v2\/posts\/10324\/revisions\/10326"}],"wp:featuredmedia":[{"embeddable":true,"href":"https:\/\/www.psc-psoe.es\/index.php\/wp-json\/wp\/v2\/media\/10325"}],"wp:attachment":[{"href":"https:\/\/www.psc-psoe.es\/index.php\/wp-json\/wp\/v2\/media?parent=10324"}],"wp:term":[{"taxonomy":"category","embeddable":true,"href":"https:\/\/www.psc-psoe.es\/index.php\/wp-json\/wp\/v2\/categories?post=10324"},{"taxonomy":"post_tag","embeddable":true,"href":"https:\/\/www.psc-psoe.es\/index.php\/wp-json\/wp\/v2\/tags?post=10324"}],"curies":[{"name":"wp","href":"https:\/\/api.w.org\/{rel}","templated":true}]}}