{"id":10311,"date":"2025-05-09T13:03:24","date_gmt":"2025-05-09T12:03:24","guid":{"rendered":"https:\/\/www.psc-psoe.es\/?p=10311"},"modified":"2025-05-09T13:03:24","modified_gmt":"2025-05-09T12:03:24","slug":"el-psoe-reivindica-la-urgencia-de-aprobar-el-prot-antes-de-establecer-mas-parques-eolicos-en-cantabri","status":"publish","type":"post","link":"https:\/\/www.psc-psoe.es\/index.php\/2025\/05\/09\/el-psoe-reivindica-la-urgencia-de-aprobar-el-prot-antes-de-establecer-mas-parques-eolicos-en-cantabri\/","title":{"rendered":"El PSOE reivindica \u201cla urgencia\u201d de aprobar el PROT antes de establecer m\u00e1s parques e\u00f3licos en Cantabri<a"},"content":{"rendered":"<p style=\"font-weight: 400; text-align: justify;\">El secretario general del PSOE de Cantabria, Pedro Casares, ha reivindicado hoy \u201cla urgencia\u201d de aprobar el Plan Regional de Ordenaci\u00f3n Territorial (PROT), que marca las pautas del desarrollo de Cantabria, antes de establecer m\u00e1s parques e\u00f3licos en Cantabria.<\/p>\n<p style=\"font-weight: 400; text-align: justify;\">Casares ha afirmado que ese instrumento, el PROT, \u201cnos va a permitir definir espacio y determinaciones para el desarrollo e\u00f3lico en nuestra comunidad aut\u00f3noma, es prioritario tener ese marco estrat\u00e9gico de desarrollo y planificaci\u00f3n de nuestro territorio para poder identificar zonas en las que puedan instalarse dichos parques e\u00f3licos\u201d.<\/p>\n<p style=\"font-weight: 400; text-align: justify;\">\u201cEs una\u00a0prioridad que el Gobierno de Cantabria no parece tener en su agenda pol\u00edtica, pero sin el que no se puede avanzar en un desarrollo sostenible de Cantabria, en el que se combinen la protecci\u00f3n del paisaje y de nuestros entornos naturales con el desarrollo renovable\u201d, ha afirmado el secretario general de los socialistas c\u00e1ntabros.<\/p>\n<p style=\"font-weight: 400; text-align: justify;\">Para Casares, \u201cel PROT debe definir espacio y determinaciones generales de desarrollo e\u00f3licos y los proyectos e\u00f3licos tienen que ser aceptados por los territorios d\u00f3nde se ubiquen, son dos vasos comunicantes de una estrategia de regi\u00f3n, de comunidad aut\u00f3noma, que el Gobierno de Mar\u00eda Jos\u00e9 S\u00e1enz de Buruaga no tiene\u201d.<\/p>\n<p style=\"font-weight: 400; text-align: justify;\">En este sentido, el secretario general del PSOE c\u00e1ntabro pide que ese PROT se elabore contando con una amplia participaci\u00f3n ciudadana y con consenso pol\u00edtico, social y territorial, contando tambi\u00e9n con todos los ayuntamientos de Cantabria\u201d, ha explicado.<\/p>\n<p style=\"font-weight: 400; text-align: justify;\">\u201cLo dem\u00e1s es empezar la casa por el tejado, primero PROT y despu\u00e9s esa estrategia de desarrollo de nuestros entornos naturales en la que se identifique tambi\u00e9n las ubicaciones para esos parques e\u00f3licos\u201d, ha subrayado el dirigente socialista.<\/p>\n<p style=\"font-weight: 400; text-align: justify;\"><strong>El futuro ser\u00e1 verde o no ser\u00e1<\/strong><\/p>\n<p style=\"font-weight: 400; text-align: justify;\">Por otra parte, Casares ha reivindicado que \u201csi hay un partido pol\u00edtico en Espa\u00f1a y en Cantabria que ha defendido siempre el avance del desarrollo sostenible y el impulso a las energ\u00edas limpias y renovables ese es el PSOE\u201d.<\/p>\n<p style=\"font-weight: 400; text-align: justify;\">As\u00ed, el l\u00edder de los socialistas c\u00e1ntabros ha defendido que \u201cen Cantabria trabajamos para transformar nuestro sistema energ\u00e9tico en un sistema basado en el mayor porcentaje posible en este tipo de energ\u00edas limpias y renovables, combinado a su vez con la defensa que hacemos de que el mejor camino para ello es apostar fuertemente por la investigaci\u00f3n e innovaci\u00f3n para desarrollarlas\u201d.<\/p>\n<p style=\"font-weight: 400; text-align: justify;\">\u201cNuestra apuesta por las energ\u00edas renovables en nuestro pa\u00eds nos ayuda a reducir nuestra dependencia energ\u00e9tica con otros pa\u00edses. El Gobierno de Pedro S\u00e1nchez ha sido un ejemplo en esa pol\u00edtica estrat\u00e9gica para cambiar no solo nuestro modelo energ\u00e9tico sino con ello nuestro modelo productivo e industrial para avanzar en una transici\u00f3n ecol\u00f3gica que haga m\u00e1s competitiva, sostenible y sostenida en el tiempo el desarrollo\u201d, ha defendido Casares.<\/p>\n<p style=\"font-weight: 400; text-align: justify;\">Finalmente, Pedro Casares ha afirmado que \u201cuno de los mayores patrimonios con los que cuenta Cantabria es su paisaje y sus espacios naturales, por lo que la apuesta e implantaci\u00f3n de energ\u00edas renovables debe tener en cuenta la necesidad de protecci\u00f3n del paisaje y los recursos naturales de Cantabria\u201d.<\/p>\n<p style=\"font-weight: 400; text-align: justify;\">Para ello, el secretario general del PSOE c\u00e1ntabro ha defendido como \u201cprioritario\u201d contar con la visi\u00f3n y el criterio de los municipios ubicados en las zonas rurales, \u201cque mejor conocen el territorio, su valor y su necesaria protecci\u00f3n\u201d.<\/p>\n<p style=\"font-weight: 400; text-align: justify;\">\u201cTenemos que ser capaces de combinar la apuesta por las energ\u00edas renovables y limpias con la protecci\u00f3n de nuestros entornos naturales y la biodiversidad que hacen de Cantabria un lugar \u00fanico\u201d, ha concluido el dirigente socialista.<\/p>\n<p style=\"font-weight: 400; text-align: justify;\">\n","protected":false},"excerpt":{"rendered":"<p>El secretario general del PSOE de Cantabria, Pedro Casares, ha reivindicado hoy \u201cla urgencia\u201d de aprobar el Plan Regional de Ordenaci\u00f3n Territorial (PROT), que marca las pautas del desarrollo de Cantabria, antes de establecer m\u00e1s parques e\u00f3licos en Cantabria. Casares ha afirmado que ese instrumento, el PROT, \u201cnos va a permitir definir espacio y determinaciones [&hellip;]<\/p>\n","protected":false},"author":12,"featured_media":10312,"comment_status":"open","ping_status":"closed","sticky":false,"template":"","format":"standard","meta":{"tdm_status":"","tdm_grid_status":"","footnotes":""},"categories":[14,24,420,25],"tags":[],"class_list":["post-10311","post","type-post","status-publish","format-standard","has-post-thumbnail","hentry","category-notas-de-prensa","category-partido","category-pedro-casares","category-actualidad"],"_links":{"self":[{"href":"https:\/\/www.psc-psoe.es\/index.php\/wp-json\/wp\/v2\/posts\/10311","targetHints":{"allow":["GET"]}}],"collection":[{"href":"https:\/\/www.psc-psoe.es\/index.php\/wp-json\/wp\/v2\/posts"}],"about":[{"href":"https:\/\/www.psc-psoe.es\/index.php\/wp-json\/wp\/v2\/types\/post"}],"author":[{"embeddable":true,"href":"https:\/\/www.psc-psoe.es\/index.php\/wp-json\/wp\/v2\/users\/12"}],"replies":[{"embeddable":true,"href":"https:\/\/www.psc-psoe.es\/index.php\/wp-json\/wp\/v2\/comments?post=10311"}],"version-history":[{"count":1,"href":"https:\/\/www.psc-psoe.es\/index.php\/wp-json\/wp\/v2\/posts\/10311\/revisions"}],"predecessor-version":[{"id":10313,"href":"https:\/\/www.psc-psoe.es\/index.php\/wp-json\/wp\/v2\/posts\/10311\/revisions\/10313"}],"wp:featuredmedia":[{"embeddable":true,"href":"https:\/\/www.psc-psoe.es\/index.php\/wp-json\/wp\/v2\/media\/10312"}],"wp:attachment":[{"href":"https:\/\/www.psc-psoe.es\/index.php\/wp-json\/wp\/v2\/media?parent=10311"}],"wp:term":[{"taxonomy":"category","embeddable":true,"href":"https:\/\/www.psc-psoe.es\/index.php\/wp-json\/wp\/v2\/categories?post=10311"},{"taxonomy":"post_tag","embeddable":true,"href":"https:\/\/www.psc-psoe.es\/index.php\/wp-json\/wp\/v2\/tags?post=10311"}],"curies":[{"name":"wp","href":"https:\/\/api.w.org\/{rel}","templated":true}]}}