{"id":10295,"date":"2025-05-07T11:58:58","date_gmt":"2025-05-07T10:58:58","guid":{"rendered":"https:\/\/www.psc-psoe.es\/?p=10295"},"modified":"2025-05-07T11:58:58","modified_gmt":"2025-05-07T10:58:58","slug":"el-psoe-registra-una-interpelacion-y-una-bateria-de-preguntas-al-consejero-de-educacion-por-la-situacion-de-los-docentes-y-del-sistema-educativo","status":"publish","type":"post","link":"https:\/\/www.psc-psoe.es\/index.php\/2025\/05\/07\/el-psoe-registra-una-interpelacion-y-una-bateria-de-preguntas-al-consejero-de-educacion-por-la-situacion-de-los-docentes-y-del-sistema-educativo\/","title":{"rendered":"El PSOE registra una interpelaci\u00f3n y una bater\u00eda de preguntas al consejero de Educaci\u00f3n por la situaci\u00f3n de los docentes y del sistema educativo"},"content":{"rendered":"<p style=\"text-align: justify;\">El PSOE de Cantabria ha registrado una interpelaci\u00f3n y una bater\u00eda de preguntas al consejero de Educaci\u00f3n del Gobierno de Cantabria por la situaci\u00f3n de los docentes y del sistema educativo en la comunidad aut\u00f3noma.<\/p>\n<p style=\"text-align: justify;\">As\u00ed lo ha anunciado el secretario de Pol\u00edtica Auton\u00f3mica y portavoz del Grupo Parlamentario Socialista en el Parlamento de Cantabria, Mario Iglesias, tras una reuni\u00f3n con la Junta de Personal Docente, en la que ha participado acompa\u00f1ado por la portavoz de la Comisi\u00f3n Ejecutiva Auton\u00f3mica, Ainoa Qui\u00f1ones, y el diputado regional, Joaqu\u00edn G\u00f3mez.<\/p>\n<p style=\"text-align: justify;\">Iglesias ha trasladado el apoyo del PSOE de Cantabria a la Junta de Personal Docente y a la comunidad educativa en sus \u201cjustas reivindicaciones\u201d para la adecuaci\u00f3n retributiva y tambi\u00e9n para la mejora del sistema educativo p\u00fablico en la comunidad aut\u00f3noma.<\/p>\n<p style=\"text-align: justify;\">\u201cCreemos que es importante que la consejer\u00eda de Educaci\u00f3n se siente a negociar con la Junta de Personal Docente\u201d, ha se\u00f1alado. \u201cDebe sustituir sus imposiciones por di\u00e1logo y acuerdo\u201d, ha enfatizado.<\/p>\n<p style=\"text-align: justify;\">En este sentido, Iglesias ha dicho que \u201cvamos a apoyar a los docentes en sus reivindicaciones con iniciativas parlamentarias y tambi\u00e9n en las calles, en las huelgas docentes convocadas, como ya hicimos en la masiva manifestaci\u00f3n del pasado 3 de abril con m\u00e1s de 5.000 personas\u201d.<\/p>\n<p style=\"text-align: justify;\">As\u00ed, Iglesias ha recordado que \u201cno solo hablamos de una adecuaci\u00f3n retributiva\u201d para los docentes sino de otras muchas cuestiones \u201cpara fortalecer el sistema educativo\u201d, como la reducci\u00f3n de ratios para poder atender \u201ccomo requiere la creciente diversidad de las aulas\u201d, la mejora de los sistemas de formaci\u00f3n de los docentes o que \u201cel PP renuncie a modificar la composici\u00f3n del Consejo Escolar de Cantabria dando cabida a mayor n\u00famero de representantes de su Consejer\u00eda y modificando el sistema de mayor\u00edas en su beneficio\u201d.<\/p>\n<p style=\"text-align: justify;\"><strong>Junta de Personal Docente<\/strong><\/p>\n<p style=\"text-align: justify;\">Por su parte, la presidenta de la Junta de Personal Docente, Rus Trueba, ha afirmado que \u201cesperan que se cumpla el mandato parlamentario por unanimidad del Parlamento de Cantabria para que se iniciara una negociaci\u00f3n de adecuaci\u00f3n salarial con la representaci\u00f3n de los docentes\u201d.<\/p>\n<p style=\"text-align: justify;\">\u201cAhora mismo la \u00fanica propuesta que hay sobre la mesa es la que ha planteado esta Junta de Personal Docente y esperamos que la consejer\u00eda de Educaci\u00f3n nos haga llegar cuanto antes su propuesta para poder negociar y que se cumpla el mandato de este Parlamento\u201d, ha concluido Trueba.<\/p>\n<p style=\"text-align: justify;\">Por \u00faltimo, Mario Iglesias ha se\u00f1alado que \u201cpor respeto, las declaraciones en el PSOE las hacemos despu\u00e9s de las reuniones y no antes\u201d, en alusi\u00f3n a las habituales declaraciones del consejero de Educaci\u00f3n antes de las reuniones con la Junta de Personal Docente.<\/p>\n<p>&nbsp;<\/p>\n","protected":false},"excerpt":{"rendered":"<p>El PSOE de Cantabria ha registrado una interpelaci\u00f3n y una bater\u00eda de preguntas al consejero de Educaci\u00f3n del Gobierno de Cantabria por la situaci\u00f3n de los docentes y del sistema educativo en la comunidad aut\u00f3noma. As\u00ed lo ha anunciado el secretario de Pol\u00edtica Auton\u00f3mica y portavoz del Grupo Parlamentario Socialista en el Parlamento de Cantabria, [&hellip;]<\/p>\n","protected":false},"author":12,"featured_media":10296,"comment_status":"open","ping_status":"closed","sticky":false,"template":"","format":"standard","meta":{"tdm_status":"","tdm_grid_status":"","footnotes":""},"categories":[14,24,420,25],"tags":[],"class_list":["post-10295","post","type-post","status-publish","format-standard","has-post-thumbnail","hentry","category-notas-de-prensa","category-partido","category-pedro-casares","category-actualidad"],"_links":{"self":[{"href":"https:\/\/www.psc-psoe.es\/index.php\/wp-json\/wp\/v2\/posts\/10295","targetHints":{"allow":["GET"]}}],"collection":[{"href":"https:\/\/www.psc-psoe.es\/index.php\/wp-json\/wp\/v2\/posts"}],"about":[{"href":"https:\/\/www.psc-psoe.es\/index.php\/wp-json\/wp\/v2\/types\/post"}],"author":[{"embeddable":true,"href":"https:\/\/www.psc-psoe.es\/index.php\/wp-json\/wp\/v2\/users\/12"}],"replies":[{"embeddable":true,"href":"https:\/\/www.psc-psoe.es\/index.php\/wp-json\/wp\/v2\/comments?post=10295"}],"version-history":[{"count":1,"href":"https:\/\/www.psc-psoe.es\/index.php\/wp-json\/wp\/v2\/posts\/10295\/revisions"}],"predecessor-version":[{"id":10297,"href":"https:\/\/www.psc-psoe.es\/index.php\/wp-json\/wp\/v2\/posts\/10295\/revisions\/10297"}],"wp:featuredmedia":[{"embeddable":true,"href":"https:\/\/www.psc-psoe.es\/index.php\/wp-json\/wp\/v2\/media\/10296"}],"wp:attachment":[{"href":"https:\/\/www.psc-psoe.es\/index.php\/wp-json\/wp\/v2\/media?parent=10295"}],"wp:term":[{"taxonomy":"category","embeddable":true,"href":"https:\/\/www.psc-psoe.es\/index.php\/wp-json\/wp\/v2\/categories?post=10295"},{"taxonomy":"post_tag","embeddable":true,"href":"https:\/\/www.psc-psoe.es\/index.php\/wp-json\/wp\/v2\/tags?post=10295"}],"curies":[{"name":"wp","href":"https:\/\/api.w.org\/{rel}","templated":true}]}}