{"id":10289,"date":"2025-05-06T17:51:58","date_gmt":"2025-05-06T16:51:58","guid":{"rendered":"https:\/\/www.psc-psoe.es\/?p=10289"},"modified":"2025-05-06T17:52:02","modified_gmt":"2025-05-06T16:52:02","slug":"el-alcalde-de-hazas-de-cesto-garantiza-la-viabilidad-del-aula-de-0-a-1-anos-y-el-comedor-escolar","status":"publish","type":"post","link":"https:\/\/www.psc-psoe.es\/index.php\/2025\/05\/06\/el-alcalde-de-hazas-de-cesto-garantiza-la-viabilidad-del-aula-de-0-a-1-anos-y-el-comedor-escolar\/","title":{"rendered":"El alcalde de Hazas de Cesto garantiza la viabilidad del aula de 0 a 1 a\u00f1os y el comedor escolar"},"content":{"rendered":"<p style=\"font-weight: 400; text-align: justify;\">El alcalde de Hazas de Cesto, Enrique Lastra, ha garantizado la viabilidad y continuidad del aula de 0 a 1 a\u00f1os y el comedor escolar en el municipio tras alcanzar un acuerdo de convenio con la consejer\u00eda de Educaci\u00f3n del Gobierno de Cantabria.<\/p>\n<p style=\"font-weight: 400; text-align: justify;\">Un acuerdo de colaboraci\u00f3n que llega tras las negociaciones para que las diferentes asociaciones y colectivos externos al centro educativo puedan seguir desarrollando su normal actividad.<\/p>\n<p style=\"font-weight: 400; text-align: justify;\">Lastra ha afirmado que \u201ces una buena noticia que podamos seguir prestando en el municipio ambos servicios educativos que ayudan a las familias de Hazas de Cesto, un municipio sin\u00f3nimo de conciliaci\u00f3n\u201d.<\/p>\n<p style=\"font-weight: 400; text-align: justify;\">\u201cGracias al acuerdo que hemos alcanzado con la consejer\u00eda ambos servicios, el aula de 0 a 1 a\u00f1os y el comedor escolar pueden seguir funcionando con normalidad\u201d, ha dicho.<\/p>\n<p style=\"font-weight: 400; text-align: justify;\">En este sentido, el alcalde del municipio ha explicado que \u201cel ayuntamiento va a garantizar un espacio p\u00fablico para que pueda continuar por una parte el servicio de comedor y por otra el aula de 0 a 1 a\u00f1os, que sin ese nuevo espacio municipal ser\u00eda imposible que se compatibilizaran\u201d. Para ello, Lastra ha explicado que el ayuntamiento ha restructurado espacios municipales \u201cde forma que quedaran garantizados tanto el aula de 0 a 1 a\u00f1os como el comedor\u201d.<\/p>\n<p style=\"font-weight: 400; text-align: justify;\">Adem\u00e1s, el alcalde ha explicado que el equipo de gobierno en el Ayuntamiento \u201csigue trabajando, como todos los vecinos y vecinas saben, para que se ampl\u00eden espacios para locales municipales al servicio de los colectivos y entidades\u201d.<\/p>\n<p style=\"font-weight: 400; text-align: justify;\">\u201cEstamos trabajando para la adquisici\u00f3n de un nuevo edificio, aleda\u00f1o al que alberga el aula de 0 a 1 a\u00f1os y el comedor, para que Hazas de Cesto pueda ampliar los espacios y locales municipales, para que hagan uso de ellos los vecinos y entidades y asociaciones locales\u201d.<\/p>\n<p style=\"font-weight: 400; text-align: justify;\">Por \u00faltimo, Enrique Lastra se ha comprometido a \u201cseguir trabajando\u201d para que Hazas de Cesto \u201cse consolide como un municipio en el que poder vivir mejor, con servicios de calidad como los servicios educativos que favorecen la conciliaci\u00f3n familias y espacios para el ocio y disfrute de los vecinos\u201d.<\/p>\n","protected":false},"excerpt":{"rendered":"<p>El alcalde de Hazas de Cesto, Enrique Lastra, ha garantizado la viabilidad y continuidad del aula de 0 a 1 a\u00f1os y el comedor escolar en el municipio tras alcanzar un acuerdo de convenio con la consejer\u00eda de Educaci\u00f3n del Gobierno de Cantabria. Un acuerdo de colaboraci\u00f3n que llega tras las negociaciones para que las [&hellip;]<\/p>\n","protected":false},"author":12,"featured_media":10290,"comment_status":"open","ping_status":"closed","sticky":false,"template":"","format":"standard","meta":{"tdm_status":"","tdm_grid_status":"","footnotes":""},"categories":[39,6],"tags":[],"class_list":["post-10289","post","type-post","status-publish","format-standard","has-post-thumbnail","hentry","category-trasmiera","category-agrupaciones"],"_links":{"self":[{"href":"https:\/\/www.psc-psoe.es\/index.php\/wp-json\/wp\/v2\/posts\/10289","targetHints":{"allow":["GET"]}}],"collection":[{"href":"https:\/\/www.psc-psoe.es\/index.php\/wp-json\/wp\/v2\/posts"}],"about":[{"href":"https:\/\/www.psc-psoe.es\/index.php\/wp-json\/wp\/v2\/types\/post"}],"author":[{"embeddable":true,"href":"https:\/\/www.psc-psoe.es\/index.php\/wp-json\/wp\/v2\/users\/12"}],"replies":[{"embeddable":true,"href":"https:\/\/www.psc-psoe.es\/index.php\/wp-json\/wp\/v2\/comments?post=10289"}],"version-history":[{"count":1,"href":"https:\/\/www.psc-psoe.es\/index.php\/wp-json\/wp\/v2\/posts\/10289\/revisions"}],"predecessor-version":[{"id":10291,"href":"https:\/\/www.psc-psoe.es\/index.php\/wp-json\/wp\/v2\/posts\/10289\/revisions\/10291"}],"wp:featuredmedia":[{"embeddable":true,"href":"https:\/\/www.psc-psoe.es\/index.php\/wp-json\/wp\/v2\/media\/10290"}],"wp:attachment":[{"href":"https:\/\/www.psc-psoe.es\/index.php\/wp-json\/wp\/v2\/media?parent=10289"}],"wp:term":[{"taxonomy":"category","embeddable":true,"href":"https:\/\/www.psc-psoe.es\/index.php\/wp-json\/wp\/v2\/categories?post=10289"},{"taxonomy":"post_tag","embeddable":true,"href":"https:\/\/www.psc-psoe.es\/index.php\/wp-json\/wp\/v2\/tags?post=10289"}],"curies":[{"name":"wp","href":"https:\/\/api.w.org\/{rel}","templated":true}]}}