{"id":10276,"date":"2025-05-06T10:51:50","date_gmt":"2025-05-06T09:51:50","guid":{"rendered":"https:\/\/www.psc-psoe.es\/?p=10276"},"modified":"2025-05-06T10:51:50","modified_gmt":"2025-05-06T09:51:50","slug":"daniel-fernandez-denuncia-que-la-plaza-publica-de-puertochico-dejara-de-ser-de-todos-para-ser-de-mcdonalds","status":"publish","type":"post","link":"https:\/\/www.psc-psoe.es\/index.php\/2025\/05\/06\/daniel-fernandez-denuncia-que-la-plaza-publica-de-puertochico-dejara-de-ser-de-todos-para-ser-de-mcdonalds\/","title":{"rendered":"Daniel Fern\u00e1ndez denuncia que \u201cla plaza p\u00fablica de Puertochico dejar\u00e1 de ser de todos para ser de McDonald\u2019s\u201d"},"content":{"rendered":"<p style=\"font-weight: 400; text-align: justify;\">El portavoz del Grupo Municipal Socialista, Daniel Fern\u00e1ndez, ha denunciado que el Ayuntamiento de Santander, gobernado por el Partido Popular, est\u00e1 permitiendo la privatizaci\u00f3n de la plaza exterior del Mercado de Puertochico para uso exclusivo de la franquicia McDonald\u2019s, que instalar\u00e1 una terraza cubierta y elevada, restringiendo el acceso y el uso de un espacio que hasta ahora pertenec\u00eda a todos los vecinos.<\/p>\n<p style=\"font-weight: 400; text-align: justify;\">\u201cEl PP entrega un espacio p\u00fablico a una multinacional, expulsando a los vecinos de una plaza que forma parte de la vida del barrio\u201d, ha declarado el portavoz socialista. \u201cLa plaza p\u00fablica de Puertochico dejar\u00e1 de ser de todos para ser de McDonald\u2019s\u201d.<\/p>\n<p style=\"font-weight: 400; text-align: justify;\">\u201cUna vez consultado el expediente, nos preocupa que la instalaci\u00f3n no solo supondr\u00e1 la ocupaci\u00f3n de parte de la plaza p\u00fablica, sino que tambi\u00e9n a\u00f1ade una nueva planta sobre el mercado\u201d, una ampliaci\u00f3n que ya estaba recogida en la licitaci\u00f3n para la gesti\u00f3n del espacio, pero cuya altura exacta no queda reflejada en los planos presentados. \u201cEstamos ante una transformaci\u00f3n opaca del espacio urbano, sin la informaci\u00f3n m\u00ednima para valorar su impacto real\u201d, ha advertido Fern\u00e1ndez.<\/p>\n<p style=\"font-weight: 400; text-align: justify;\">Seg\u00fan los planos del proyecto, la nueva estructura invadir\u00e1 la cota de la plaza, pero no se ha incluido ninguna secci\u00f3n que indique su relaci\u00f3n con la rasante de las viviendas colindantes, lo que impide saber hasta qu\u00e9 punto afectar\u00e1 a las vistas y a la luminosidad de las viviendas de la zona.<\/p>\n<p style=\"font-weight: 400; text-align: justify;\">Fern\u00e1ndez ha alertado adem\u00e1s de que existe un sombrerete para instalaciones y extracci\u00f3n de humos que no figura en los planos oficiales, lo que plantea dudas sobre la transparencia del expediente urban\u00edstico. \u201cPara colmo, en los planos del estado actual aparece como si la ampliaci\u00f3n ya estuviera ejecutada, cuando no es as\u00ed. Es una forma de legitimar de antemano una intervenci\u00f3n que no ha sido ni explicada ni debatida con el barrio\u201d, ha denunciado.<\/p>\n<p style=\"font-weight: 400; text-align: justify;\">El portavoz del Grupo Municipal Socialista ha recordado que el mercado fue renovado con fondos p\u00fablicos y que su destino deber\u00eda ser impulsar el comercio de cercan\u00eda y la gastronom\u00eda local. \u201cLo que est\u00e1 ocurriendo es justo lo contrario: de plaza p\u00fablica a plaza privada, y de mercado de barrio a escaparate de una franquicia internacional\u201d, ha resumido.<\/p>\n<p style=\"font-weight: 400; text-align: justify;\">\u201cEl PP ha decidido convertir un espacio com\u00fan en un negocio privado, sin dar explicaciones claras a los vecinos ni garantizar su derecho a participar en las decisiones que afectan a su entorno\u201d, ha lamentado Fern\u00e1ndez.<\/p>\n<p style=\"font-weight: 400; text-align: justify;\">Para el PSOE, el Mercado de Puertochico deber\u00eda ser \u201cun escaparate de la mejor gastronom\u00eda c\u00e1ntabra, un espacio que dinamice el comercio local y la vida vecinal, no una concesi\u00f3n a una marca que uniformiza nuestras ciudades\u201d.<\/p>\n<p style=\"font-weight: 400; text-align: justify;\">\u201cFrente a ese modelo de ciudad sin alma, nosotros apostamos por una Santander que defienda lo propio, cuide sus plazas y ponga en el centro a sus vecinos y vecinas\u201d, ha concluido Fern\u00e1ndez.<\/p>\n","protected":false},"excerpt":{"rendered":"<p>El portavoz del Grupo Municipal Socialista, Daniel Fern\u00e1ndez, ha denunciado que el Ayuntamiento de Santander, gobernado por el Partido Popular, est\u00e1 permitiendo la privatizaci\u00f3n de la plaza exterior del Mercado de Puertochico para uso exclusivo de la franquicia McDonald\u2019s, que instalar\u00e1 una terraza cubierta y elevada, restringiendo el acceso y el uso de un espacio [&hellip;]<\/p>\n","protected":false},"author":12,"featured_media":10277,"comment_status":"open","ping_status":"closed","sticky":false,"template":"","format":"standard","meta":{"tdm_status":"","tdm_grid_status":"","footnotes":""},"categories":[20,55],"tags":[],"class_list":["post-10276","post","type-post","status-publish","format-standard","has-post-thumbnail","hentry","category-santander","category-arco-de-la-bahia"],"_links":{"self":[{"href":"https:\/\/www.psc-psoe.es\/index.php\/wp-json\/wp\/v2\/posts\/10276","targetHints":{"allow":["GET"]}}],"collection":[{"href":"https:\/\/www.psc-psoe.es\/index.php\/wp-json\/wp\/v2\/posts"}],"about":[{"href":"https:\/\/www.psc-psoe.es\/index.php\/wp-json\/wp\/v2\/types\/post"}],"author":[{"embeddable":true,"href":"https:\/\/www.psc-psoe.es\/index.php\/wp-json\/wp\/v2\/users\/12"}],"replies":[{"embeddable":true,"href":"https:\/\/www.psc-psoe.es\/index.php\/wp-json\/wp\/v2\/comments?post=10276"}],"version-history":[{"count":1,"href":"https:\/\/www.psc-psoe.es\/index.php\/wp-json\/wp\/v2\/posts\/10276\/revisions"}],"predecessor-version":[{"id":10278,"href":"https:\/\/www.psc-psoe.es\/index.php\/wp-json\/wp\/v2\/posts\/10276\/revisions\/10278"}],"wp:featuredmedia":[{"embeddable":true,"href":"https:\/\/www.psc-psoe.es\/index.php\/wp-json\/wp\/v2\/media\/10277"}],"wp:attachment":[{"href":"https:\/\/www.psc-psoe.es\/index.php\/wp-json\/wp\/v2\/media?parent=10276"}],"wp:term":[{"taxonomy":"category","embeddable":true,"href":"https:\/\/www.psc-psoe.es\/index.php\/wp-json\/wp\/v2\/categories?post=10276"},{"taxonomy":"post_tag","embeddable":true,"href":"https:\/\/www.psc-psoe.es\/index.php\/wp-json\/wp\/v2\/tags?post=10276"}],"curies":[{"name":"wp","href":"https:\/\/api.w.org\/{rel}","templated":true}]}}