{"id":10273,"date":"2025-05-01T18:55:31","date_gmt":"2025-05-01T17:55:31","guid":{"rendered":"https:\/\/www.psc-psoe.es\/?p=10273"},"modified":"2025-05-01T18:55:31","modified_gmt":"2025-05-01T17:55:31","slug":"el-psoe-reivindica-los-logros-y-conquistas-alcanzados-con-el-gobierno-de-pedro-sanchez","status":"publish","type":"post","link":"https:\/\/www.psc-psoe.es\/index.php\/2025\/05\/01\/el-psoe-reivindica-los-logros-y-conquistas-alcanzados-con-el-gobierno-de-pedro-sanchez\/","title":{"rendered":"El PSOE reivindica los logros y conquistas alcanzados con el Gobierno de Pedro S\u00e1nchez"},"content":{"rendered":"<p style=\"font-weight: 400; text-align: justify;\">El PSOE de Cantabria ha participado hoy en la manifestaci\u00f3n del 1\u00ba de mayo junto a las organizaciones sindicales bajo el lema \u2018proteger lo conquistado, ganar el futuro\u2019.<\/p>\n<p style=\"font-weight: 400; text-align: justify;\">El secretario general del PSOE de Cantabria, Pedro Casares, ha reivindicado todos los avances, logros y conquistas sociales alcanzadas durante estos siete a\u00f1os con el Gobierno de Pedro S\u00e1nchez.<\/p>\n<p style=\"font-weight: 400; text-align: justify;\">Casares ha enumerado, entre algunos de esos logros, la revalorizaci\u00f3n de las pensiones conforme al IPC por ley de forma anual, la subida del salario m\u00ednimo interprofesional un 61%, pasando de los 735 euros en 2018 a los 1.184 euros en 2025, o la reducci\u00f3n de la jornada laboral a las 37,5 horas sin p\u00e9rdida de derechos laborales y salariales para los trabajadores.<\/p>\n<p style=\"font-weight: 400; text-align: justify;\">\u201cCon estas medidas estamos mejorando la vida de la ciudadan\u00eda. La subida del salario m\u00ednimo interprofesional beneficia a casi 25.000 c\u00e1ntabros y la revalorizaci\u00f3n de las pensiones a m\u00e1s de 150.000 c\u00e1ntabros\u201d, ha recordado el secretario general de los socialistas c\u00e1ntabros.<\/p>\n<p style=\"font-weight: 400; text-align: justify;\">De la misma forma, Casares ha manifestado que la reducci\u00f3n de la jornada laboral a 37,5 horas, aprobada esta semana por el Consejo de Ministros, es \u201cuna nueva conquista hist\u00f3rica\u201d.<\/p>\n<p style=\"font-weight: 400; text-align: justify;\"><strong>Di\u00e1logo y acuerdo social<\/strong><\/p>\n<p style=\"font-weight: 400; text-align: justify;\">Para el secretario general de los socialistas c\u00e1ntabros, \u201cel Gobierno de Pedro S\u00e1nchez ha demostrado que el PSOE es el partido de los trabajadores y trabajadoras\u201d. \u201cNunca han avanzado tanto los derechos laborales y salariales de la ciudadan\u00eda como en estos siete a\u00f1os de gobierno\u201d.<\/p>\n<p style=\"font-weight: 400; text-align: justify;\">En este sentido, Casares ha puesto en valor la reforma laboral aprobada en 2022, como \u201cla primera reforma de estas caracter\u00edsticas que recuperaba derechos para los trabajadores en 50 a\u00f1os de la democracia\u201d.<\/p>\n<p style=\"font-weight: 400; text-align: justify;\">Una reforma laboral que, a juicio de Casares, \u201cest\u00e1 creando m\u00e1s empleo que nunca y no solo m\u00e1s empleo sino tambi\u00e9n de mayor calidad y estabilidad\u201d. \u201cLos datos demuestran con la ca\u00edda de la temporalidad que el empleo que se est\u00e1 creando ahora es m\u00e1s estable y m\u00e1s seguro para los trabajadores\u201d.<\/p>\n<p style=\"font-weight: 400; text-align: justify;\">As\u00ed, ha destacado tambi\u00e9n que hemos alcanzado los casi 22 millones de afiliados a la Seguridad Social, \u201cla mayor cifra de toda la serie hist\u00f3rica\u201d.<\/p>\n<p style=\"font-weight: 400; text-align: justify;\">\u201cNo lo hemos hecho solos. Ha sido gracias a una herramienta fundamental para garantizar el progreso, el bienestar y la igualdad de oportunidades como es el di\u00e1logo y el acuerdo social\u201d, ha dicho.<\/p>\n<p style=\"font-weight: 400; text-align: justify;\">Los socialistas c\u00e1ntabros han participado en las manifestaciones y concentraciones de Santander y de los principales municipios de Cantabria como Torrelavega, Castro Urdiales o Reinosa.<\/p>\n<p style=\"font-weight: 400; text-align: justify;\">Por \u00faltimo, Pedro Casares ha pedido a los trabajadores y trabajadoras \u201cdefender y reivindicar sus derechos laborales y salariales siempre\u201d. \u201cHoy en Cantabria, en este primero de mayo, nuestra cabeza y coraz\u00f3n est\u00e1n con los m\u00e1s de 200 trabajadores de la planta de Bridgestone en Puente San Miguel y sus familias, a los que vamos a acompa\u00f1ar y ayudar en todo lo posible para frenar los despidos anunciados\u201d, ha concluido.<\/p>\n","protected":false},"excerpt":{"rendered":"<p>El PSOE de Cantabria ha participado hoy en la manifestaci\u00f3n del 1\u00ba de mayo junto a las organizaciones sindicales bajo el lema \u2018proteger lo conquistado, ganar el futuro\u2019. El secretario general del PSOE de Cantabria, Pedro Casares, ha reivindicado todos los avances, logros y conquistas sociales alcanzadas durante estos siete a\u00f1os con el Gobierno de [&hellip;]<\/p>\n","protected":false},"author":12,"featured_media":10274,"comment_status":"open","ping_status":"closed","sticky":false,"template":"","format":"standard","meta":{"tdm_status":"","tdm_grid_status":"","footnotes":""},"categories":[14,24,420,25],"tags":[],"class_list":["post-10273","post","type-post","status-publish","format-standard","has-post-thumbnail","hentry","category-notas-de-prensa","category-partido","category-pedro-casares","category-actualidad"],"_links":{"self":[{"href":"https:\/\/www.psc-psoe.es\/index.php\/wp-json\/wp\/v2\/posts\/10273","targetHints":{"allow":["GET"]}}],"collection":[{"href":"https:\/\/www.psc-psoe.es\/index.php\/wp-json\/wp\/v2\/posts"}],"about":[{"href":"https:\/\/www.psc-psoe.es\/index.php\/wp-json\/wp\/v2\/types\/post"}],"author":[{"embeddable":true,"href":"https:\/\/www.psc-psoe.es\/index.php\/wp-json\/wp\/v2\/users\/12"}],"replies":[{"embeddable":true,"href":"https:\/\/www.psc-psoe.es\/index.php\/wp-json\/wp\/v2\/comments?post=10273"}],"version-history":[{"count":1,"href":"https:\/\/www.psc-psoe.es\/index.php\/wp-json\/wp\/v2\/posts\/10273\/revisions"}],"predecessor-version":[{"id":10275,"href":"https:\/\/www.psc-psoe.es\/index.php\/wp-json\/wp\/v2\/posts\/10273\/revisions\/10275"}],"wp:featuredmedia":[{"embeddable":true,"href":"https:\/\/www.psc-psoe.es\/index.php\/wp-json\/wp\/v2\/media\/10274"}],"wp:attachment":[{"href":"https:\/\/www.psc-psoe.es\/index.php\/wp-json\/wp\/v2\/media?parent=10273"}],"wp:term":[{"taxonomy":"category","embeddable":true,"href":"https:\/\/www.psc-psoe.es\/index.php\/wp-json\/wp\/v2\/categories?post=10273"},{"taxonomy":"post_tag","embeddable":true,"href":"https:\/\/www.psc-psoe.es\/index.php\/wp-json\/wp\/v2\/tags?post=10273"}],"curies":[{"name":"wp","href":"https:\/\/api.w.org\/{rel}","templated":true}]}}