{"id":1018,"date":"2017-11-11T18:18:36","date_gmt":"2017-11-11T17:18:36","guid":{"rendered":"http:\/\/psc-psoe.es\/?p=1018"},"modified":"2019-01-03T10:20:32","modified_gmt":"2019-01-03T09:20:32","slug":"el-psoe-de-santa-cruz-de-bezana-elige-secretario-general-a-alberto-garcia-onandia","status":"publish","type":"post","link":"https:\/\/www.psc-psoe.es\/index.php\/2017\/11\/11\/el-psoe-de-santa-cruz-de-bezana-elige-secretario-general-a-alberto-garcia-onandia\/","title":{"rendered":"El PSOE de Santa Cruz de Bezana elige secretario general a Alberto Garc\u00eda Onand\u00eda"},"content":{"rendered":"<div class=\"mod-grid-inner padTop25  cfx-module-element-editor-content\" data-id_unique=\"14944262349\">\n<div class=\"cmodule stext padBot50 padTop15\" data-id_unique=\"14945008103922\">\n<div>\n<div>\n<div>\n<div>\n<div>\n<div>\n<div>\n<div>\n<div>\n<div>\n<div>\n<div>\n<div>\n<div>\n<div>\n<p><span class=\"Apple-style-span\">El PSOE de Santa Cruz de Bezana celebr\u00f3 ayer la asamblea extraordinaria para renovar la agrupaci\u00f3n. Alberto Garc\u00eda Onand\u00eda fue elegido nuevo secretario general, dentro del proceso de renovaci\u00f3n de las agrupaciones locales que se est\u00e1 desarrollando.<\/span><\/p>\n<p><span class=\"Apple-style-span\">Al comienzo del acto, el secretario general del PSOE de Cantabria, Pablo Zuloaga, que rend\u00eda cuentas de su gesti\u00f3n al frente de la agrupaci\u00f3n desde 2012, quiso tener unas palabras de recuerdo para Carlos de la Torre Lecumbe, fallecido recientemente.<\/span><\/p>\n<p><span class=\"Apple-style-span\">\u201cCarlos no solo fue un buen alcalde y un buen compa\u00f1ero, fue un buen vecino preocupado siempre por mejorar Santa Cruz de Bezana\u201d asegur\u00f3 el dirigente socialista, que record\u00f3 que \u201csi hoy soy lo que soy es porque hubo hombres como \u00e9l que dieron espacio y protagonismo a los j\u00f3venes para emprender la renovaci\u00f3n de este partido\u201d.<\/span><\/p>\n<p><span class=\"Apple-style-span\">Zuloaga agradeci\u00f3 a la militancia su apoyo \u201cincondicional\u201d en estos cinco a\u00f1os de mandato, y \u201cel enorme esfuerzo realizado por todos\u201d para lograr que el PSOE en Santa Cruz de Bezana \u201crecuperar\u00e1 el pulso de la calle y el apoyo de la ciudadan\u00eda\u201d.<\/span><\/p>\n<p><span class=\"Apple-style-span\">\u00a0<\/span><span class=\"Apple-style-span\">El informe de gesti\u00f3n de la etapa de Pablo Zuloaga como secretario general de la agrupaci\u00f3n fue aprobado por el 85% de la militancia, y la unanimidad de los presentes en la asamblea. Los afiliados valorar el trabajo realizado para aumentar afiliados, renovar el partido y lograr la Alcald\u00eda del municipio.<\/span><\/p>\n<p><span class=\"Apple-style-span\">\u201cHemos hecho muchas cosas estos a\u00f1os todos juntos, me voy con la satisfacci\u00f3n de haber compartido este proyecto con una militancia entregada, participativa y unida, que supo obviar diferencias del pasado y ponerse todos juntos a remar en la misma direcci\u00f3n para lograr el cambio en Santa Cruz de Bezana\u201d ha asegurado el l\u00edder socialista.<\/span><\/p>\n<p><span class=\"Apple-style-span\">El secretario general del PSOE de Cantabria solo tuvo palabras de agradecimiento durante su intervenci\u00f3n y emplaz\u00f3 a los militantes \u201ca seguir trabajando con ganas e ilusi\u00f3n para que el proyecto que estamos desarrollando en Santa Cruz de Bezana continue\u201d.<\/span><\/p>\n<p><span class=\"Apple-style-span\">Asimismo, con Alberto Garc\u00eda Onand\u00eda fueron elegidos los miembros de la Comisi\u00f3n Ejecutiva Municipal. Josefa Serra Andrevi, presidenta; Raquel Saiz Amo, secretaria de Organizaci\u00f3n; Joaqu\u00edn G\u00f3mez G\u00f3mez, secretario de Acci\u00f3n Electoral, Programas y Administraci\u00f3n; Jes\u00fas V\u00e9lez Soba, secretario de Pol\u00edtica Institucional y Comunicaci\u00f3n, Carmen Campo Serrano, secretaria de Bienestar Social, Igualdad y Medio Ambiente y Mar\u00eda Eugenia Ant\u00f3n Sota, secretaria de Educaci\u00f3n, Cultura y Deporte.<\/span><\/p>\n<p><strong><span class=\"Apple-style-span\">De la misma forma fue elegido Francisco Javier Lia\u00f1o Blanco como miembro del Comit\u00e9 Regional<\/span><\/strong><span class=\"Apple-style-span\">\u00a0<\/span><span class=\"Apple-style-span\">Alberto Garc\u00eda Onand\u00eda agradeci\u00f3 el apoyo de los militantes para liderar el proyecto de los socialistas de Santa Cruz de Bezana. \u201cEstoy muy orgulloso de la herencia recibida por el anterior secretario general y la nueva Ejecutiva Municipal va a ser continuista del proyecto\u201d.<\/span><\/p>\n<p><span class=\"Apple-style-span\">El nuevo secretario general asegura que su objetivo es \u201cseguir la estela emprendida estos \u00faltimos cinco a\u00f1os\u201d y profundizar en la labor de abrir el PSOE a los vecinos y trasladar el proyecto socialista a las calles del municipio.<\/span><\/p>\n<\/div>\n<\/div>\n<\/div>\n<\/div>\n<\/div>\n<\/div>\n<\/div>\n<\/div>\n<\/div>\n<\/div>\n<\/div>\n<\/div>\n<\/div>\n<\/div>\n<\/div>\n<\/div>\n<\/div>\n","protected":false},"excerpt":{"rendered":"<p>El PSOE de Santa Cruz de Bezana celebr\u00f3 ayer la asamblea extraordinaria para renovar la agrupaci\u00f3n. Alberto Garc\u00eda Onand\u00eda fue elegido nuevo secretario general, dentro del proceso de renovaci\u00f3n de las agrupaciones locales que se est\u00e1 desarrollando. Al comienzo del acto, el secretario general del PSOE de Cantabria, Pablo Zuloaga, que rend\u00eda cuentas de su [&hellip;]<\/p>\n","protected":false},"author":2,"featured_media":1019,"comment_status":"open","ping_status":"open","sticky":false,"template":"","format":"standard","meta":{"tdm_status":"","tdm_grid_status":"","footnotes":""},"categories":[24],"tags":[],"class_list":["post-1018","post","type-post","status-publish","format-standard","has-post-thumbnail","hentry","category-partido"],"_links":{"self":[{"href":"https:\/\/www.psc-psoe.es\/index.php\/wp-json\/wp\/v2\/posts\/1018","targetHints":{"allow":["GET"]}}],"collection":[{"href":"https:\/\/www.psc-psoe.es\/index.php\/wp-json\/wp\/v2\/posts"}],"about":[{"href":"https:\/\/www.psc-psoe.es\/index.php\/wp-json\/wp\/v2\/types\/post"}],"author":[{"embeddable":true,"href":"https:\/\/www.psc-psoe.es\/index.php\/wp-json\/wp\/v2\/users\/2"}],"replies":[{"embeddable":true,"href":"https:\/\/www.psc-psoe.es\/index.php\/wp-json\/wp\/v2\/comments?post=1018"}],"version-history":[{"count":0,"href":"https:\/\/www.psc-psoe.es\/index.php\/wp-json\/wp\/v2\/posts\/1018\/revisions"}],"wp:featuredmedia":[{"embeddable":true,"href":"https:\/\/www.psc-psoe.es\/index.php\/wp-json\/wp\/v2\/media\/1019"}],"wp:attachment":[{"href":"https:\/\/www.psc-psoe.es\/index.php\/wp-json\/wp\/v2\/media?parent=1018"}],"wp:term":[{"taxonomy":"category","embeddable":true,"href":"https:\/\/www.psc-psoe.es\/index.php\/wp-json\/wp\/v2\/categories?post=1018"},{"taxonomy":"post_tag","embeddable":true,"href":"https:\/\/www.psc-psoe.es\/index.php\/wp-json\/wp\/v2\/tags?post=1018"}],"curies":[{"name":"wp","href":"https:\/\/api.w.org\/{rel}","templated":true}]}}