{"id":10160,"date":"2025-04-03T15:04:01","date_gmt":"2025-04-03T14:04:01","guid":{"rendered":"https:\/\/www.psc-psoe.es\/?p=10160"},"modified":"2025-04-03T15:04:01","modified_gmt":"2025-04-03T14:04:01","slug":"el-psoe-apoya-las-reivindicaciones-justas-de-los-docentes-de-cantabria","status":"publish","type":"post","link":"https:\/\/www.psc-psoe.es\/index.php\/2025\/04\/03\/el-psoe-apoya-las-reivindicaciones-justas-de-los-docentes-de-cantabria\/","title":{"rendered":"El PSOE apoya las \u201creivindicaciones justas\u201d de los docentes de Cantabria"},"content":{"rendered":"<p style=\"text-align: justify;\">La Comisi\u00f3n Ejecutiva Auton\u00f3mica del PSOE de Cantabria ha participado hoy en la manifestaci\u00f3n por la huelga convocada por la junta de personal docente de Cantabria para defender sus derechos y exigir la adecuaci\u00f3n salarial que permita a los m\u00e1s de 9.000 docentes de Cantabria recuperar su poder adquisitivo.<\/p>\n<p style=\"text-align: justify;\">El secretario general del PSOE de Cantabria, Pedro Casares, ha apoyado las \u201creivindicaciones justas\u201d de los docentes de Cantabria, acompa\u00f1ado entre otros por el secretario de Organizaci\u00f3n, Agust\u00edn Molleda; la portavoz, Ainoa Qui\u00f1ones; el secretario de pol\u00edtica auton\u00f3mica y portavoz parlamentario, Mario Iglesias o el ex consejero de Educaci\u00f3n, Cultura y Deportes, Ram\u00f3n Ruiz. \u201cEstamos viviendo una jornada hist\u00f3rica\u201d, ha enfatizado el l\u00edder socialista.<\/p>\n<p style=\"text-align: justify;\">\u201cEst\u00e1n reclamando mejores condiciones laborales y salariales, reducir la ratio de alumnos por aula o mejorar el sistema de formaci\u00f3n del profesorado\u201d, ha expresado el secretario general del PSOE de Cantabria, Pedro Casares, en unas declaraciones realizadas al inicio de la manifestaci\u00f3n convocada en el R\u00edo de la Pila.<\/p>\n<p style=\"text-align: justify;\">Para Casares, \u201cel consejero de Educaci\u00f3n y el Partido Popular debe escuchar m\u00e1s y recortar menos\u201d. \u201cVemos un Gobierno de Cantabria que da la espalda a los servicios p\u00fablicos y es incapaz de dialogar y acordar con los docentes, con los profesionales sanitarios o con los agentes sociales\u201d, ha enfatizado.<\/p>\n<p style=\"text-align: justify;\">\u201cEstamos muy preocupados por el desmantelamiento de la educaci\u00f3n p\u00fablica y los recortes en estos dos a\u00f1os de Gobierno del PP\u201d, ha criticado Casares.<\/p>\n<p style=\"text-align: justify;\">En este sentido, el secretario general de los socialistas c\u00e1ntabros ha asegurado que el PSOE \u201cva a ser una fortaleza en la defensa de los servicios p\u00fablicos de Cantabria, que son la garant\u00eda de equidad, justicia social e igualdad de oportunidades\u201d. \u201cVamos a ser un dique de contenci\u00f3n frente a cualquier recorte o retroceso en los derechos de la ciudadan\u00eda\u201d, ha subrayado.<\/p>\n<p style=\"text-align: justify;\">\u201cSalimos a las calles a acompa\u00f1ar a los docentes de Cantabria en sus reivindicaciones justas para su adecuaci\u00f3n salarial, a defender una educaci\u00f3n p\u00fablica con recursos en la que ellos y ellas son un pilar b\u00e1sico\u201d.<\/p>\n<p style=\"text-align: justify;\">As\u00ed, Casares, sobre la manifestaci\u00f3n, ha dicho que \u201cvemos hoy a miles de c\u00e1ntabros y c\u00e1ntabras que han salido a las calles de Santander a defender una causa justa, a defender sus derechos, a reivindicar que los docentes de Cantabria no pueden seguir perdiendo poder adquisitivo\u201d.<\/p>\n<p style=\"text-align: justify;\">El secretario general del PSOE c\u00e1ntabro ha exigido al gobierno y al Partido Popular \u201cque escuchen a los docentes con verdadera voluntad de acuerdo\u201d. \u201cLo que ha hecho hasta ahora el consejero de Educaci\u00f3n no es escuchar, ni dialogar ni acordar sino intentar oponer sus condiciones y planteamientos\u201d, ha afirmado.<\/p>\n<p style=\"text-align: justify;\">\u201cEstamos hablando de la dignidad de los docentes de Cantabria, de la defensa de una educaci\u00f3n p\u00fablica de calidad y con recursos y de cumplir un mandato parlamentario\u201d, ha dicho.<\/p>\n<p style=\"text-align: justify;\">Por \u00faltimo, Pedro Casares ha se\u00f1alado que en el PSOE de Cantabria \u201cvamos a defender siempre una educaci\u00f3n p\u00fablica, gratuita y de calidad para todos los c\u00e1ntabros y c\u00e1ntabras\u201d.<\/p>\n<p>&nbsp;<\/p>\n","protected":false},"excerpt":{"rendered":"<p>La Comisi\u00f3n Ejecutiva Auton\u00f3mica del PSOE de Cantabria ha participado hoy en la manifestaci\u00f3n por la huelga convocada por la junta de personal docente de Cantabria para defender sus derechos y exigir la adecuaci\u00f3n salarial que permita a los m\u00e1s de 9.000 docentes de Cantabria recuperar su poder adquisitivo. El secretario general del PSOE de [&hellip;]<\/p>\n","protected":false},"author":12,"featured_media":10161,"comment_status":"open","ping_status":"closed","sticky":false,"template":"","format":"standard","meta":{"tdm_status":"","tdm_grid_status":"","footnotes":""},"categories":[14,24,420,25],"tags":[],"class_list":["post-10160","post","type-post","status-publish","format-standard","has-post-thumbnail","hentry","category-notas-de-prensa","category-partido","category-pedro-casares","category-actualidad"],"_links":{"self":[{"href":"https:\/\/www.psc-psoe.es\/index.php\/wp-json\/wp\/v2\/posts\/10160","targetHints":{"allow":["GET"]}}],"collection":[{"href":"https:\/\/www.psc-psoe.es\/index.php\/wp-json\/wp\/v2\/posts"}],"about":[{"href":"https:\/\/www.psc-psoe.es\/index.php\/wp-json\/wp\/v2\/types\/post"}],"author":[{"embeddable":true,"href":"https:\/\/www.psc-psoe.es\/index.php\/wp-json\/wp\/v2\/users\/12"}],"replies":[{"embeddable":true,"href":"https:\/\/www.psc-psoe.es\/index.php\/wp-json\/wp\/v2\/comments?post=10160"}],"version-history":[{"count":1,"href":"https:\/\/www.psc-psoe.es\/index.php\/wp-json\/wp\/v2\/posts\/10160\/revisions"}],"predecessor-version":[{"id":10162,"href":"https:\/\/www.psc-psoe.es\/index.php\/wp-json\/wp\/v2\/posts\/10160\/revisions\/10162"}],"wp:featuredmedia":[{"embeddable":true,"href":"https:\/\/www.psc-psoe.es\/index.php\/wp-json\/wp\/v2\/media\/10161"}],"wp:attachment":[{"href":"https:\/\/www.psc-psoe.es\/index.php\/wp-json\/wp\/v2\/media?parent=10160"}],"wp:term":[{"taxonomy":"category","embeddable":true,"href":"https:\/\/www.psc-psoe.es\/index.php\/wp-json\/wp\/v2\/categories?post=10160"},{"taxonomy":"post_tag","embeddable":true,"href":"https:\/\/www.psc-psoe.es\/index.php\/wp-json\/wp\/v2\/tags?post=10160"}],"curies":[{"name":"wp","href":"https:\/\/api.w.org\/{rel}","templated":true}]}}