{"id":10152,"date":"2025-04-02T23:00:26","date_gmt":"2025-04-02T22:00:26","guid":{"rendered":"https:\/\/www.psc-psoe.es\/?p=10152"},"modified":"2025-04-03T15:05:00","modified_gmt":"2025-04-03T14:05:00","slug":"pedro-casares-se-compromete-con-el-foro-sanitario-de-cantabria-a-impulsar-un-verdadero-pacto-por-la-sanidad-con-todos-los-profesionales-de-la-salud","status":"publish","type":"post","link":"https:\/\/www.psc-psoe.es\/index.php\/2025\/04\/02\/pedro-casares-se-compromete-con-el-foro-sanitario-de-cantabria-a-impulsar-un-verdadero-pacto-por-la-sanidad-con-todos-los-profesionales-de-la-salud\/","title":{"rendered":"Pedro Casares se compromete con el Foro Sanitario de Cantabria a impulsar un \u201cverdadero\u201d Pacto por la Sanidad \u201ccon todos los profesionales de la salud\u201d"},"content":{"rendered":"<p style=\"font-weight: 400; text-align: justify;\">El secretario general del PSOE de Cantabria, Pedro Casares, ha mantenido hoy una reuni\u00f3n con el Foro Sanitario de Cantabria, en la que se ha comprometido a trabajar para lograr \u201cun verdadero\u201d Pacto por la Sanidad en Cantabria \u201ccon todos los profesionales de la salud\u201d.<\/p>\n<p style=\"font-weight: 400; text-align: justify;\">\u201cEsta legislatura hemos visto como se ha firmado un Pacto por la Sanidad que solo firm\u00f3 un colegio profesional \u2013 en referencia al Colegio de M\u00e9dicos- y que hasta el propio Sindicato M\u00e9dico reconoce que no ha cubierto las expectativas de para lo que fue firmado\u201d.<\/p>\n<p style=\"font-weight: 400; text-align: justify;\">As\u00ed, Casares ha denunciado que los SUAP en Cantabria \u201cno tienen m\u00e9dicos ni enfermeras y no es una cosa puntual o excepcional, sino que es el d\u00eda a d\u00eda\u201d. Y tambi\u00e9n ha mostrado preocupaci\u00f3n por el \u201cdeterioro\u201d del sistema de ambulancias o las listas de espera \u201cque a veces se cronifican y se convierten en problemas mayores para los pacientes\u201d.<\/p>\n<p style=\"font-weight: 400; text-align: justify;\">\u201cTenemos un objetivo de legislatura, que es el Pacto por la Sanidad, y en el corto plazo trabajar para reducir estos problemas urgentes\u201d, ha dicho el l\u00edder del PSOE c\u00e1ntabro.<\/p>\n<p style=\"font-weight: 400; text-align: justify;\">\u201cQuer\u00edamos que uno de nuestras reuniones, el primer encuentro con colegios profesionales, fuera con los colegios profesionales del \u00e1mbito de la salud, que se dedican a protegernos, a cuidarnos y est\u00e1n d\u00eda a d\u00eda para salvar nuestras vidas\u201d, ha afirmado.<\/p>\n<p style=\"font-weight: 400; text-align: justify;\">En este sentido, el secretario general de los socialistas c\u00e1ntabros ha se\u00f1alado que \u201cles hemos trasladado el compromiso de trabajar con ellos para fortalecer la salud en Cantabria\u201d.<\/p>\n<p style=\"font-weight: 400; text-align: justify;\">Casares ha mantenido este encuentro, en el que han participado los presidentes del Colegio de M\u00e9dicos, Farmac\u00e9uticos, Enfermer\u00eda, Oftalmolog\u00eda, Psicolog\u00eda y una representante del Colegio de Fisioterapia, que ostenta la presidencia rotatoria del Foro Sanitario.<\/p>\n<p style=\"font-weight: 400; text-align: justify;\">Al desayuno de trabajo con el sector sanitario, el l\u00edder de los socialistas c\u00e1ntabros ha acudido acompa\u00f1ado del vicesecretario general de Acci\u00f3n Pol\u00edtica, Javier Incera; la portavoz, Ainoa Qui\u00f1ones; el secretario de Salud, Marcos Agudo; la secretaria de Pol\u00edticas Sociales, To\u00f1i Mora; la secretaria de Bienestar Social y calidad de vida, Merche Prada; y el portavoz del Grupo Parlamentario, Mario Iglesias.<\/p>\n<p style=\"font-weight: 400; text-align: justify;\">Por otra parte, Casares ha dicho que \u201cen estos dos a\u00f1os del gobierno del Partido Popular hemos visto algunas pol\u00edticas que sientan preocupaci\u00f3n con un consejero de Sanidad que habla de copagos, de listas de espera business, y en cambio nosotros queremos hablar de salud y de sanidad para todos y para todas\u201d.<\/p>\n<p style=\"font-weight: 400; text-align: justify;\">\u201cNecesitamos m\u00e1s medios p\u00fablicos, que reforcemos los recursos con lo que cuenta el sistema sanitario y dotar de m\u00e1s recursos a la Sanidad en Cantabria para mejorar las condiciones y la atenci\u00f3n que prestamos a la ciudadan\u00eda\u201d, ha afirmado.<\/p>\n<p style=\"font-weight: 400; text-align: justify;\">Por \u00faltimo, Pedro Casares ha trasladado un mensaje de apoyo a los profesionales sanitarios. \u201cNos preocupan las agresiones que sufren los profesionales sanitarios y otros problemas como el intrusismo\u201d.<\/p>\n<p style=\"font-weight: 400; text-align: justify;\">\u201cSi el sistema sanitario en Cantabria aguanta a pesar del estr\u00e9s al que est\u00e1 sometido es gracias a los profesionales sanitarios y por tanto, tenemos que protegerles, tenemos que ayudarles, tenemos que acompa\u00f1arles y fortalecer las condiciones en las que realizan su trabajo todos los profesionales de la salud\u201d, ha concluido.<\/p>\n","protected":false},"excerpt":{"rendered":"<p>El secretario general del PSOE de Cantabria, Pedro Casares, ha mantenido hoy una reuni\u00f3n con el Foro Sanitario de Cantabria, en la que se ha comprometido a trabajar para lograr \u201cun verdadero\u201d Pacto por la Sanidad en Cantabria \u201ccon todos los profesionales de la salud\u201d. \u201cEsta legislatura hemos visto como se ha firmado un Pacto [&hellip;]<\/p>\n","protected":false},"author":12,"featured_media":10153,"comment_status":"open","ping_status":"closed","sticky":false,"template":"","format":"standard","meta":{"tdm_status":"","tdm_grid_status":"","footnotes":""},"categories":[14,24,420],"tags":[],"class_list":["post-10152","post","type-post","status-publish","format-standard","has-post-thumbnail","hentry","category-notas-de-prensa","category-partido","category-pedro-casares"],"_links":{"self":[{"href":"https:\/\/www.psc-psoe.es\/index.php\/wp-json\/wp\/v2\/posts\/10152","targetHints":{"allow":["GET"]}}],"collection":[{"href":"https:\/\/www.psc-psoe.es\/index.php\/wp-json\/wp\/v2\/posts"}],"about":[{"href":"https:\/\/www.psc-psoe.es\/index.php\/wp-json\/wp\/v2\/types\/post"}],"author":[{"embeddable":true,"href":"https:\/\/www.psc-psoe.es\/index.php\/wp-json\/wp\/v2\/users\/12"}],"replies":[{"embeddable":true,"href":"https:\/\/www.psc-psoe.es\/index.php\/wp-json\/wp\/v2\/comments?post=10152"}],"version-history":[{"count":1,"href":"https:\/\/www.psc-psoe.es\/index.php\/wp-json\/wp\/v2\/posts\/10152\/revisions"}],"predecessor-version":[{"id":10154,"href":"https:\/\/www.psc-psoe.es\/index.php\/wp-json\/wp\/v2\/posts\/10152\/revisions\/10154"}],"wp:featuredmedia":[{"embeddable":true,"href":"https:\/\/www.psc-psoe.es\/index.php\/wp-json\/wp\/v2\/media\/10153"}],"wp:attachment":[{"href":"https:\/\/www.psc-psoe.es\/index.php\/wp-json\/wp\/v2\/media?parent=10152"}],"wp:term":[{"taxonomy":"category","embeddable":true,"href":"https:\/\/www.psc-psoe.es\/index.php\/wp-json\/wp\/v2\/categories?post=10152"},{"taxonomy":"post_tag","embeddable":true,"href":"https:\/\/www.psc-psoe.es\/index.php\/wp-json\/wp\/v2\/tags?post=10152"}],"curies":[{"name":"wp","href":"https:\/\/api.w.org\/{rel}","templated":true}]}}