{"id":1015,"date":"2017-11-10T10:16:02","date_gmt":"2017-11-10T09:16:02","guid":{"rendered":"http:\/\/psc-psoe.es\/?p=1015"},"modified":"2019-02-19T13:34:17","modified_gmt":"2019-02-19T12:34:17","slug":"el-psoe-enmienda-la-totalidad-de-unos-presupuestos-que-no-responden-a-las-necesidades-reales-de-santander","status":"publish","type":"post","link":"https:\/\/www.psc-psoe.es\/index.php\/2017\/11\/10\/el-psoe-enmienda-la-totalidad-de-unos-presupuestos-que-no-responden-a-las-necesidades-reales-de-santander\/","title":{"rendered":"El PSOE enmienda la totalidad de unos presupuestos que no responden a las necesidades reales de Santander"},"content":{"rendered":"<p><span class=\"Apple-style-span\">El secretario general del PSOE y portavoz municipal, Pedro Casares, ha presentado hoy en rueda de prensa, la enmienda a la totalidad del proyecto de presupuesto municipal para 2018 que el Grupo Municipal Socialista registr\u00f3 ayer.<\/span><\/p>\n<p><strong><span class=\"Apple-style-span\">Enmienda al proyecto de ciudad del PP<\/span><\/strong><\/p>\n<p><span class=\"Apple-style-span\">\u00a0<\/span><span class=\"Apple-style-span\">Casares considera que este es \u201cun mal presupuesto para la ciudad de Santander\u201d y por tanto el grupo municipal socialista votar\u00e1 en contra de las cuentas presentadas por el PP. Y ha expuesto m\u00e1s de 10 razones que impiden al PSOE apoyar el proyecto del equipo de gobierno.<\/span><\/p>\n<p><span class=\"Apple-style-span\">\u00a0<\/span><span class=\"Apple-style-span\">\u201cEs mucho m\u00e1s que una enmienda a la totalidad del presupuesto, es una enmienda al proyecto de ciudad que tiene el Partido Popular, es una enmienda a la gesti\u00f3n que est\u00e1 haciendo la derecha en Santander\u201d asegura.<\/span><\/p>\n<p><span class=\"Apple-style-span\">\u00a0<\/span><span class=\"Apple-style-span\">Un a\u00f1o m\u00e1s, el edil acusa la nula voluntad de consenso y participaci\u00f3n que da el equipo de gobierno a la oposici\u00f3n para acordar el presupuesto. \u201cSer\u00eda fundamental que el PP intentara consensuar sus grandes l\u00edneas en beneficio de los ciudadanos\u201d recuerda.<\/span><\/p>\n<p><span class=\"Apple-style-span\">\u00a0<\/span><span class=\"Apple-style-span\">Adem\u00e1s, el presupuesto est\u00e1, a juicio del PSOE, \u201ccondicionado\u201d por la anulaci\u00f3n del PGOU \u201cdeclarado ilegal\u201d. Importantes partidas de gasto pueden verse afectadas, como los 2 millones de euros que se tendr\u00e1n que devolver a Caja Cantabria de un total de 7 millones de euros, los 500 mil del convenio urban\u00edstico de Fuentellata tras la anulaci\u00f3n del Plan u otros al menos 500 mil euros para la redacci\u00f3n de un nuevo PGOU.<\/span><\/p>\n<p><span class=\"Apple-style-span\">\u00a0<\/span><span class=\"Apple-style-span\">El l\u00edder de los socialistas santanderinos explica que \u201chay incertidumbre\u201d ante el futuro de la plusval\u00eda. \u201cLos propios informes de la intervenci\u00f3n municipal y de la direcci\u00f3n de ingresos p\u00fablicos alertan de ello\u201d explica.<\/span><\/p>\n<p><span class=\"Apple-style-span\">\u00a0<\/span><span class=\"Apple-style-span\">\u201cNo cumplen lo que aprueban\u201d ha denunciado Casares, que detalla que el Proyecto de Presupuesto \u201ccarece de toda credibilidad\u201d, dado que en 2016 no se ejecutaron el 22,30% de los ingresos y el 34,83% de los gastos. Y del cap\u00edtulo de inversiones se dejaron sin gastar el 87,66%, \u201ces decir, m\u00e1s de 72 millones de euros.<\/span><\/p>\n<p><span class=\"Apple-style-span\">\u00a0<\/span><strong><span class=\"Apple-style-span\">Pol\u00edtica fiscal sangrante<\/span><\/strong><\/p>\n<p><span class=\"Apple-style-span\">\u00a0<\/span><span class=\"Apple-style-span\">El l\u00edder de los socialistas santanderinos asegura que la pol\u00edtica fiscal del equipo de gobierno es \u201csangrante\u201d y consolida subidas de impuestos como el IBI, que contempla, para 2018, recaudar m\u00e1s de 57 millones de euros, frente a los 32 millones que se recaudaban en 2007, \u201cun 80% m\u00e1s\u201d.<\/span><\/p>\n<p><span class=\"Apple-style-span\">\u00a0<\/span><span class=\"Apple-style-span\">En su conjunto, el edil explica que los impuestos directos municipales para 2018, ascender\u00e1n a m\u00e1s de 89 millones de euros, un -0,83%. Mientras que los impuestos indirectos se incrementan para el pr\u00f3ximo a\u00f1o un 12,05%. \u201cEn el caso de la tasa de agua y alcantarillado, \u00e9sta sube un 1,6%\u201d ha destacado.\u00a0<\/span><\/p>\n<p><span class=\"Apple-style-span\">Asimismo, Casares denuncia la ausencia de pol\u00edticas sociales y copagos como el de la teleasistencia y la ayuda a domicilio, a lo que el PP solo contempla para 2018 una partida de 7,1 millones de euros para servicios sociales. \u201cSi tenemos en cuenta que buena parte de esa cantidad proviene del Gobierno de Cantabria, la aportaci\u00f3n del Ayuntamiento es de poco m\u00e1s de 3 millones de euros\u201d ha criticado.<\/span><\/p>\n<p><span class=\"Apple-style-span\">De la misma forma, el portavoz del PSOE denuncia que los datos de empleo \u201cson peores\u201d en Santander que en Cantabria. Y critica un Pacto por el Empleo Local \u201csin presupuesto\u201d en una ciudad \u201ccon m\u00e1s de 12.000 desempleados\u201d.<\/span><\/p>\n<p><strong><span class=\"Apple-style-span\">Priorizan el pago de la deuda a proteger inter\u00e9s \u00a0de los vecinos<\/span><\/strong><\/p>\n<p><span class=\"Apple-style-span\">Por otro lado, se prev\u00e9 que la deuda viva a 1 de enero de 2018 ascienda a m\u00e1s de 82 millones de euros, a lo que hay que a\u00f1adir otras por importe de 8 millones de euros por convenios fallidos. Adem\u00e1s, de otros 10 millones euros de un nuevo pr\u00e9stamo que van a solicitar.<\/span><\/p>\n<p><span class=\"Apple-style-span\">\u201cEsta situaci\u00f3n hace Santander tenga que destinar en 2018 cerca de 10 millones de euros al pago de la deuda y de los intereses\u201d explica, a la vez que denuncia que el PP \u201cprioriza la amortizaci\u00f3n anticipada de pr\u00e9stamos con entidades financieras por encima de proteger los intereses de los santanderinos\u201d.<\/span><\/p>\n<p><span class=\"Apple-style-span\">Adem\u00e1s, se siguen privatizando servicios p\u00fablicos, \u201ccomo ya ocurriera con la hist\u00f3rica privatizaci\u00f3n del agua\u201d y m\u00e1s de 50 millones de euros los gestionan empresas privadas que antes eran de gesti\u00f3n p\u00fablica.<\/span><\/p>\n<p><span class=\"Apple-style-span\">\u00a0<\/span><span class=\"Apple-style-span\">Y siguen sin cubrirse decenas de vacantes como las de polic\u00eda, bomberos o servicios sociales. Mientras se incrementa del presupuesto para \u00f3rganos directivos y de gobierno, un 13%, llegando a alcanzar los 1,2 millones.<\/span><\/p>\n<p><span class=\"Apple-style-span\">\u00a0<\/span><span class=\"Apple-style-span\">Como contrapunto, destaca que el hecho de que PSOE y PRC gobiernen Cantabria \u201cbeneficia a los santanderinos\u201d, y anuncia que el proyecto confirma que el Gobierno de Cantabria aumenta las partidas presupuestarias destinadas a Santander.<\/span><\/p>\n<p><span class=\"Apple-style-span\">\u00a0<\/span><span class=\"Apple-style-span\">\u201cEn 2018 habr\u00e1 un nuevo incremento de las transferencias corrientes de Cantabria a Santander del 14,09% y tambi\u00e9n se mantiene la partida presupuestaria destinada al fondo de cooperaci\u00f3n municipal de 1,152.800 euros, tras a\u00f1os de que esta partida fuera suprimida por el PP. Lo mismo ocurre, con las transferencias de capital de Cantabria a Santander, que para 2018 se prev\u00e9 un nuevo aumento del 0,92%\u201d ha asegurado.<\/span><\/p>\n<p><span class=\"Apple-style-span\">\u00a0<\/span><strong><span class=\"Apple-style-span\">Augura el apoyo de tr\u00e1nsfugas<\/span><\/strong><\/p>\n<p><span class=\"Apple-style-span\">\u00a0<\/span><span class=\"Apple-style-span\">Por \u00faltimo, Pedro Casares considera que el di\u00e1logo \u201cinexistente\u201d que el PP mantiene con la oposici\u00f3n desde el inicio de la legislatura demuestra su nula voluntad a llegar a acuerdos, pero adem\u00e1s ahora \u201chan conseguido con el apoyo de un concejal la mayor\u00eda absoluta que no les dieron los santanderinos\u201d en referencia al concejal tr\u00e1nsfuga.<\/span><\/p>\n<p><span class=\"Apple-style-span\">\u00a0<\/span><span class=\"Apple-style-span\">\u201cEl tiempo nos dar\u00e1 o quitar\u00e1 la raz\u00f3n pero estamos convencidos de que el proyecto de presupuestos para 2018 saldr\u00e1 adelante con el apoyo de un tr\u00e1nsfuga\u201d ha concluido el edil.<\/span><\/p>\n<p><span class=\"Apple-style-span\">\u00a0<\/span> <\/p>\n","protected":false},"excerpt":{"rendered":"<p>El secretario general del PSOE y portavoz municipal, Pedro Casares, ha presentado hoy en rueda de prensa, la enmienda a la totalidad del proyecto de presupuesto municipal para 2018 que el Grupo Municipal Socialista registr\u00f3 ayer. Enmienda al proyecto de ciudad del PP \u00a0Casares considera que este es \u201cun mal presupuesto para la ciudad de [&hellip;]<\/p>\n","protected":false},"author":2,"featured_media":1016,"comment_status":"open","ping_status":"open","sticky":false,"template":"","format":"standard","meta":{"tdm_status":"","tdm_grid_status":"","footnotes":""},"categories":[20,16],"tags":[],"class_list":["post-1015","post","type-post","status-publish","format-standard","has-post-thumbnail","hentry","category-santander","category-noticias-santander"],"_links":{"self":[{"href":"https:\/\/www.psc-psoe.es\/index.php\/wp-json\/wp\/v2\/posts\/1015","targetHints":{"allow":["GET"]}}],"collection":[{"href":"https:\/\/www.psc-psoe.es\/index.php\/wp-json\/wp\/v2\/posts"}],"about":[{"href":"https:\/\/www.psc-psoe.es\/index.php\/wp-json\/wp\/v2\/types\/post"}],"author":[{"embeddable":true,"href":"https:\/\/www.psc-psoe.es\/index.php\/wp-json\/wp\/v2\/users\/2"}],"replies":[{"embeddable":true,"href":"https:\/\/www.psc-psoe.es\/index.php\/wp-json\/wp\/v2\/comments?post=1015"}],"version-history":[{"count":0,"href":"https:\/\/www.psc-psoe.es\/index.php\/wp-json\/wp\/v2\/posts\/1015\/revisions"}],"wp:featuredmedia":[{"embeddable":true,"href":"https:\/\/www.psc-psoe.es\/index.php\/wp-json\/wp\/v2\/media\/1016"}],"wp:attachment":[{"href":"https:\/\/www.psc-psoe.es\/index.php\/wp-json\/wp\/v2\/media?parent=1015"}],"wp:term":[{"taxonomy":"category","embeddable":true,"href":"https:\/\/www.psc-psoe.es\/index.php\/wp-json\/wp\/v2\/categories?post=1015"},{"taxonomy":"post_tag","embeddable":true,"href":"https:\/\/www.psc-psoe.es\/index.php\/wp-json\/wp\/v2\/tags?post=1015"}],"curies":[{"name":"wp","href":"https:\/\/api.w.org\/{rel}","templated":true}]}}