{"id":1010,"date":"2017-11-09T10:12:56","date_gmt":"2017-11-09T09:12:56","guid":{"rendered":"http:\/\/psc-psoe.es\/?p=1010"},"modified":"2019-02-19T13:34:23","modified_gmt":"2019-02-19T12:34:23","slug":"el-psoe-presenta-una-enmienda-a-la-totalidad-del-presupuesto-para-2018","status":"publish","type":"post","link":"https:\/\/www.psc-psoe.es\/index.php\/2017\/11\/09\/el-psoe-presenta-una-enmienda-a-la-totalidad-del-presupuesto-para-2018\/","title":{"rendered":"El PSOE presenta una enmienda a la totalidad del presupuesto para 2018"},"content":{"rendered":"<p>El secretario general del PSOE y portavoz municipal, Pedro Casares, ha registrado hoy una enmienda a la totalidad del presupuesto municipal para 2018.<\/p>\n<p>Casares, que ofrecer\u00e1 ma\u00f1ana una rueda de prensa para explicar las razones que motivan \u201cenmendar\u201d totalmente el proyecto de cuentas municipales que ha presentado el equipo de gobierno del Partido Popular, considera que \u201clos presupuestos son irreales\u201d.<\/p>\n<p>\u201cEs imposible que ante unas cuentas ficticias que no son reflejo de la realidad de la ciudad y de los santanderinos, el PSOE \u201cno puede apoyarles\u201d asegura, a la vez que explica que \u201cno son unos presupuestos coherentes con la situaci\u00f3n econ\u00f3mica y social en la que nos encontramos en la actualidad\u201d.<\/p>\n<p>No obstante, el edil avanza que la enmienda a la totalidad se fundamenta en que el proyecto del PP \u201cno prioriza las necesidades sociales, ni impulsa la econom\u00eda y los servicios sociales, los servicios p\u00fablicos, ni apuesta de manera decidida por la creaci\u00f3n de empleo, ni por el fomento de la producci\u00f3n y el comercio local, ni tampoco por la sostenibilidad\u201d.<\/p>\n<p><strong>Sin rumbo para proyectar la ciudad en el futuro<\/strong><\/p>\n<p>El portavoz del PSOE se\u00f1ala que el presupuesto es el documento que orientar\u00e1 las pol\u00edticas de Santander para su desarrollo, evoluci\u00f3n y progreso en los pr\u00f3ximos a\u00f1os. \u201cEl Presupuesto es el plan econ\u00f3mico y financiero anual que tiene una ciudad y por tanto, es el instrumento clave para la gesti\u00f3n p\u00fablica municipal, sirviendo a la planificaci\u00f3n, programaci\u00f3n, control y seguimiento y evaluaci\u00f3n de las actuaciones municipales\u201d explica el edil.<\/p>\n<p>Para el l\u00edder de los socialistas santanderinos, \u201cel rumbo\u201d escogido por el Partido Popular es \u201cerr\u00f3neo\u201d ya que las cuentas deber\u00edan \u2013 y no lo hacen- responder a criterios de eficiencia y eficacia en el gasto p\u00fablico, siendo este progresivo en la distribuci\u00f3n de la carga tributaria, y fomentando la equidad, redistribuyendo la riqueza de una manera m\u00e1s justa y proporcional.<\/p>\n<p>Por \u00faltimo, Pedro Casares explica que el Proyecto de Presupuesto planteado no es m\u00e1s que la continuaci\u00f3n de las ordenanzas fiscales, \u201cante las que el Grupo Municipal Socialista se posicion\u00f3 en contra\u201d y \u201ces continuista con los proyectos anteriores\u201d. <\/p>\n","protected":false},"excerpt":{"rendered":"<p>El secretario general del PSOE y portavoz municipal, Pedro Casares, ha registrado hoy una enmienda a la totalidad del presupuesto municipal para 2018. Casares, que ofrecer\u00e1 ma\u00f1ana una rueda de prensa para explicar las razones que motivan \u201cenmendar\u201d totalmente el proyecto de cuentas municipales que ha presentado el equipo de gobierno del Partido Popular, considera [&hellip;]<\/p>\n","protected":false},"author":2,"featured_media":843,"comment_status":"open","ping_status":"open","sticky":false,"template":"","format":"standard","meta":{"tdm_status":"","tdm_grid_status":"","footnotes":""},"categories":[20,16],"tags":[],"class_list":["post-1010","post","type-post","status-publish","format-standard","has-post-thumbnail","hentry","category-santander","category-noticias-santander"],"_links":{"self":[{"href":"https:\/\/www.psc-psoe.es\/index.php\/wp-json\/wp\/v2\/posts\/1010","targetHints":{"allow":["GET"]}}],"collection":[{"href":"https:\/\/www.psc-psoe.es\/index.php\/wp-json\/wp\/v2\/posts"}],"about":[{"href":"https:\/\/www.psc-psoe.es\/index.php\/wp-json\/wp\/v2\/types\/post"}],"author":[{"embeddable":true,"href":"https:\/\/www.psc-psoe.es\/index.php\/wp-json\/wp\/v2\/users\/2"}],"replies":[{"embeddable":true,"href":"https:\/\/www.psc-psoe.es\/index.php\/wp-json\/wp\/v2\/comments?post=1010"}],"version-history":[{"count":0,"href":"https:\/\/www.psc-psoe.es\/index.php\/wp-json\/wp\/v2\/posts\/1010\/revisions"}],"wp:featuredmedia":[{"embeddable":true,"href":"https:\/\/www.psc-psoe.es\/index.php\/wp-json\/wp\/v2\/media\/843"}],"wp:attachment":[{"href":"https:\/\/www.psc-psoe.es\/index.php\/wp-json\/wp\/v2\/media?parent=1010"}],"wp:term":[{"taxonomy":"category","embeddable":true,"href":"https:\/\/www.psc-psoe.es\/index.php\/wp-json\/wp\/v2\/categories?post=1010"},{"taxonomy":"post_tag","embeddable":true,"href":"https:\/\/www.psc-psoe.es\/index.php\/wp-json\/wp\/v2\/tags?post=1010"}],"curies":[{"name":"wp","href":"https:\/\/api.w.org\/{rel}","templated":true}]}}